{"id":2022,"date":"2025-05-11T23:10:06","date_gmt":"2025-05-11T23:10:06","guid":{"rendered":"https:\/\/new.dexo.cz\/?p=2022"},"modified":"2025-07-15T09:58:20","modified_gmt":"2025-07-15T09:58:20","slug":"sklenene-akusticke-obklady-elegancia-a-funkcnost-pre-modernu-architekturu","status":"publish","type":"post","link":"https:\/\/dexo.cz\/sk\/sklenene-akusticke-obklady-elegancia-a-funkcnost-pre-modernu-architekturu\/","title":{"rendered":"Presklen\u00e9 akustick\u00e9 prie\u010dky: elegancia a funk\u010dnos\u0165 pre modern\u00fa architekt\u00faru"},"content":{"rendered":"<p><strong>Kombin\u00e1cia estetiky a akustick\u00e9ho komfortu zohr\u00e1va v s\u00fa\u010dasnosti v architekt\u00fare a interi\u00e9rovom dizajne k\u013e\u00fa\u010dov\u00fa \u00falohu. Jedn\u00fdm z inovat\u00edvnych rie\u0161en\u00ed, ktor\u00e9 tieto po\u017eiadavky sp\u013a\u0148a, s\u00fa akustick\u00e9 steny s dvojit\u00fdm zasklen\u00edm. Ak\u00e9 v\u00fdhody prin\u00e1\u0161aj\u00fa a pre\u010do by mali by\u0165 s\u00fa\u010das\u0165ou va\u0161ich projektov?<\/strong><\/p>\n<h3>Akustick\u00e1 izol\u00e1cia bez kompromisov<\/h3>\n<p>V modern\u00fdch kancel\u00e1rskych a obchodn\u00fdch priestoroch je hluk jedn\u00fdm z naj\u010dastej\u0161\u00edch probl\u00e9mov. Tradi\u010dn\u00e9 prie\u010dky \u010dasto poskytuj\u00fa slab\u00fa zvukov\u00fa izol\u00e1ciu alebo vytv\u00e1raj\u00fa vizu\u00e1lne \u0165a\u017ekop\u00e1dne bari\u00e9ry. Dvojit\u00e9 sklenen\u00e9 steny v\u0161ak pon\u00fakaj\u00fa dokonal\u00fa rovnov\u00e1hu medzi akustikou a dizajnom.<\/p>\n<figure id=\"attachment_2580\" aria-describedby=\"caption-attachment-2580\" style=\"width: 786px\" class=\"wp-caption alignnone\"><img fetchpriority=\"high\" decoding=\"async\" class=\"wp-image-2580 size-full\" src=\"https:\/\/dexo.cz\/wp-content\/uploads\/2025\/06\/prosklene-akusticke-pricky1.webp\" alt=\"\" width=\"786\" height=\"524\" srcset=\"https:\/\/dexo.cz\/wp-content\/uploads\/2025\/06\/prosklene-akusticke-pricky1.webp 786w, https:\/\/dexo.cz\/wp-content\/uploads\/2025\/06\/prosklene-akusticke-pricky1-300x200.webp 300w, https:\/\/dexo.cz\/wp-content\/uploads\/2025\/06\/prosklene-akusticke-pricky1-768x512.webp 768w, https:\/\/dexo.cz\/wp-content\/uploads\/2025\/06\/prosklene-akusticke-pricky1-18x12.webp 18w\" sizes=\"(max-width: 786px) 100vw, 786px\" \/><figcaption id=\"caption-attachment-2580\" class=\"wp-caption-text\">Akustick\u00e9 presklen\u00e9 steny DEXO GS II. typ Dizajn<\/figcaption><\/figure>\n<p>S na\u0161imi sklenen\u00fdmi prie\u010dkami DEXO GS II. mo\u017eno dosiahnu\u0165 zvukov\u00fa izol\u00e1ciu a\u017e 56 dB, \u010do umo\u017e\u0148uje vytvori\u0165 tich\u00e9 pracovn\u00e9 prostredie bez optick\u00e9ho uzavretia priestoru.<\/p>\n<h3><strong>R\u00f4zne typy dvojit\u00e9ho zasklenia pre r\u00f4zne potreby<\/strong><\/h3>\n<p>Pre dvojit\u00e9 zasklenie existuje nieko\u013eko typov sklenen\u00fdch prie\u010dok DEXO, ktor\u00e9 sp\u013a\u0148aj\u00fa \u0161pecifick\u00e9 po\u017eiadavky projektu:<\/p>\n<ul>\n<li>Dizajn: elegantn\u00e9 a modern\u00e9 prie\u010dky so zvukovou izol\u00e1ciou 41 a\u017e 52 dB pon\u00fakaj\u00fa dokonal\u00fa kombin\u00e1ciu akustiky a dobr\u00e9ho vzh\u013eadu.<\/li>\n<li>Mrie\u017eka: prie\u010dky s mrie\u017ekov\u00fdm dizajnom, ktor\u00e9 kombinuj\u00fa estetiku s vysokou akustickou izol\u00e1ciou. Dosahuj\u00fa zvukov\u00fa izol\u00e1ciu a\u017e 55 dB.<\/li>\n<li>Slim: Na\u0161a dizajnov\u00e1 novinka, sklenen\u00e1 stena s minimalistick\u00fdm 4 mm rastrom, pre priestory, kde sa kladie d\u00f4raz na origin\u00e1lny vzh\u013ead.<\/li>\n<li>Aku: Akustick\u00e9 prie\u010dky, ktor\u00e9 s\u00fa navrhnut\u00e9 pre maxim\u00e1lnu zvukov\u00fa izol\u00e1ciu. Vyzna\u010duj\u00fa sa zvukovou izol\u00e1ciou a\u017e 56 dB a s\u00fa ide\u00e1lne pre kancel\u00e1rie a konferen\u010dn\u00e9 miestnosti.<\/li>\n<li>Flamo: Estetick\u00e9 protipo\u017eiarne steny, ktor\u00e9 okrem akustick\u00fdch vlastnost\u00ed (Rw = 47 a\u017e 53 dB) sp\u013a\u0148aj\u00fa aj protipo\u017eiarne normy (El 30 \/ El 60) a zabezpe\u010duj\u00fa bezpe\u010dnos\u0165 v pr\u00edpade po\u017eiaru.<\/li>\n<\/ul>\n<p>&nbsp;<\/p>\n<figure id=\"attachment_2579\" aria-describedby=\"caption-attachment-2579\" style=\"width: 786px\" class=\"wp-caption alignnone\"><img decoding=\"async\" class=\"wp-image-2579 size-full\" src=\"https:\/\/dexo.cz\/wp-content\/uploads\/2025\/06\/prosklene-akusticke-pricky5.webp\" alt=\"\" width=\"786\" height=\"524\" srcset=\"https:\/\/dexo.cz\/wp-content\/uploads\/2025\/06\/prosklene-akusticke-pricky5.webp 786w, https:\/\/dexo.cz\/wp-content\/uploads\/2025\/06\/prosklene-akusticke-pricky5-300x200.webp 300w, https:\/\/dexo.cz\/wp-content\/uploads\/2025\/06\/prosklene-akusticke-pricky5-768x512.webp 768w, https:\/\/dexo.cz\/wp-content\/uploads\/2025\/06\/prosklene-akusticke-pricky5-18x12.webp 18w\" sizes=\"(max-width: 786px) 100vw, 786px\" \/><figcaption id=\"caption-attachment-2579\" class=\"wp-caption-text\">Sklenen\u00e9 steny DEXO GS II. typ Mrie\u017eka<\/figcaption><\/figure>\n<p>Ka\u017ed\u00fd z t\u00fdchto typov zasklen\u00fdch stien je navrhnut\u00fd s oh\u013eadom na \u0161pecifick\u00e9 potreby a po\u017eiadavky z\u00e1kazn\u00edka. Architekti oce\u0148uj\u00fa flexibilitu a minimalizmus. Dvojito presklen\u00e9 akustick\u00e9 prie\u010dky mo\u017eno prisp\u00f4sobi\u0165 \u0161irokej \u0161k\u00e1le interi\u00e9rov - od kancel\u00e1rskych budov cez vzdel\u00e1vacie a zdravotn\u00edcke zariadenia a\u017e po luxusn\u00e9 rezidencie.<\/p>\n<h3><strong>Skryt\u00e9 profily pre \u010dist\u00fd dizajn<\/strong><\/h3>\n<p>Pon\u00fakame aj skryt\u00e9 profily pre absol\u00fatne \u010dist\u00fd vzh\u013ead. Sklenen\u00e9 steny bez vidite\u013en\u00fdch kovov\u00fdch profilov vytv\u00e1raj\u00fa minimalistick\u00fd a elegantn\u00fd vzh\u013ead. Skryt\u00e9 profily s\u00fa ide\u00e1lnou vo\u013ebou pre projekty, pri ktor\u00fdch sa kladie d\u00f4raz na vizu\u00e1lnu jednoduchos\u0165 a nepreru\u0161ovan\u00fa transparentnos\u0165 priestoru.<\/p>\n<figure id=\"attachment_2578\" aria-describedby=\"caption-attachment-2578\" style=\"width: 786px\" class=\"wp-caption alignnone\"><img decoding=\"async\" class=\"wp-image-2578 size-full\" src=\"https:\/\/dexo.cz\/wp-content\/uploads\/2025\/06\/prosklene-akusticke-pricky4.webp\" alt=\"\" width=\"786\" height=\"524\" srcset=\"https:\/\/dexo.cz\/wp-content\/uploads\/2025\/06\/prosklene-akusticke-pricky4.webp 786w, https:\/\/dexo.cz\/wp-content\/uploads\/2025\/06\/prosklene-akusticke-pricky4-300x200.webp 300w, https:\/\/dexo.cz\/wp-content\/uploads\/2025\/06\/prosklene-akusticke-pricky4-768x512.webp 768w, https:\/\/dexo.cz\/wp-content\/uploads\/2025\/06\/prosklene-akusticke-pricky4-18x12.webp 18w\" sizes=\"(max-width: 786px) 100vw, 786px\" \/><figcaption id=\"caption-attachment-2578\" class=\"wp-caption-text\">Sklenen\u00e1 stena so skryt\u00fdmi profilmi<\/figcaption><\/figure>\n<h3><strong>Zaoblen\u00e9 sklenen\u00e9 prie\u010dky<\/strong><\/h3>\n<p>Ak chcete \u00eds\u0165 e\u0161te o krok \u010falej, na\u0161e zakriven\u00e9 sklenen\u00e9 steny prines\u00fa do ka\u017ed\u00e9ho interi\u00e9ru nov\u00fd rozmer. T\u00e1to mo\u017enos\u0165 je vhodn\u00e1 najm\u00e4 pre modern\u00e9 kancel\u00e1rie a obytn\u00e9 priestory, kde sa kladie d\u00f4raz na vizu\u00e1lnu harm\u00f3niu.<\/p>\n<figure id=\"attachment_2577\" aria-describedby=\"caption-attachment-2577\" style=\"width: 786px\" class=\"wp-caption alignnone\"><img loading=\"lazy\" decoding=\"async\" class=\"wp-image-2577 size-full\" src=\"https:\/\/dexo.cz\/wp-content\/uploads\/2025\/06\/prosklene-akusticke-pricky3.webp\" alt=\"\" width=\"786\" height=\"524\" srcset=\"https:\/\/dexo.cz\/wp-content\/uploads\/2025\/06\/prosklene-akusticke-pricky3.webp 786w, https:\/\/dexo.cz\/wp-content\/uploads\/2025\/06\/prosklene-akusticke-pricky3-300x200.webp 300w, https:\/\/dexo.cz\/wp-content\/uploads\/2025\/06\/prosklene-akusticke-pricky3-768x512.webp 768w, https:\/\/dexo.cz\/wp-content\/uploads\/2025\/06\/prosklene-akusticke-pricky3-18x12.webp 18w\" sizes=\"(max-width: 786px) 100vw, 786px\" \/><figcaption id=\"caption-attachment-2577\" class=\"wp-caption-text\">Zaoblen\u00e9 akustick\u00e9 steny<\/figcaption><\/figure>\n<h3><strong>Udr\u017eate\u013enos\u0165 a inov\u00e1cie<\/strong><\/h3>\n<p>Modern\u00e9 sklenen\u00e9 syst\u00e9my s\u00fa nielen estetick\u00e9, ale aj ekologick\u00e9. Realizujeme na\u0161e prv\u00e9 projekty so sklom ORA\u00c9\u00ae. Ide o sklo so zn\u00ed\u017eenou uhl\u00edkovou stopou (-42 %) v porovnan\u00ed so \u0161tandardn\u00fdm sklom. Vyr\u00e1ba sa a\u017e zo 64 % recyklovan\u00e9ho skla. Vo v\u00fdrobnom procese sa pou\u017e\u00edvaj\u00fa obnovite\u013en\u00e9 zdroje energie.<\/p>\n<p><img loading=\"lazy\" decoding=\"async\" class=\"alignnone wp-image-2576 size-full\" src=\"https:\/\/dexo.cz\/wp-content\/uploads\/2025\/06\/prosklene-akusticke-pricky2.webp\" alt=\"\" width=\"786\" height=\"524\" srcset=\"https:\/\/dexo.cz\/wp-content\/uploads\/2025\/06\/prosklene-akusticke-pricky2.webp 786w, https:\/\/dexo.cz\/wp-content\/uploads\/2025\/06\/prosklene-akusticke-pricky2-300x200.webp 300w, https:\/\/dexo.cz\/wp-content\/uploads\/2025\/06\/prosklene-akusticke-pricky2-768x512.webp 768w, https:\/\/dexo.cz\/wp-content\/uploads\/2025\/06\/prosklene-akusticke-pricky2-18x12.webp 18w\" sizes=\"(max-width: 786px) 100vw, 786px\" \/><\/p>\n<h3><strong>Elegantn\u00e1 hranica medzi tichom a svetlom<\/strong><\/h3>\n<p>Ak h\u013ead\u00e1te rie\u0161enie, ktor\u00e9 sp\u00e1ja modern\u00fd dizajn s vysokou funk\u010dnos\u0165ou, presklen\u00e9 akustick\u00e9 prie\u010dky, skryt\u00e9 profily a zakriven\u00e9 sklenen\u00e9 steny s\u00fa t\u00fdmi spr\u00e1vnymi prvkami pre v\u00e1\u0161 projekt. Vytvorte priestor, do ktor\u00e9ho pr\u00fadi svetlo a hluk zost\u00e1va mimo neho.<\/p>","protected":false},"excerpt":{"rendered":"<p>Kombin\u00e1cia estetiky a akustick\u00e9ho komfortu zohr\u00e1va v s\u00fa\u010dasnosti v architekt\u00fare a interi\u00e9rovom dizajne k\u013e\u00fa\u010dov\u00fa \u00falohu. Jedn\u00fdm z inovat\u00edvnych rie\u0161en\u00ed, ktor\u00e9 tieto po\u017eiadavky sp\u013a\u0148a, s\u00fa akustick\u00e9 steny s dvojit\u00fdm zasklen\u00edm. Ak\u00e9 v\u00fdhody prin\u00e1\u0161aj\u00fa a pre\u010do by mali by\u0165 s\u00fa\u010das\u0165ou va\u0161ich projektov? Akustick\u00e1 izol\u00e1cia bez kompromisov V modern\u00fdch kancel\u00e1rskych a obchodn\u00fdch priestoroch je hluk jedn\u00fdm z naj\u010dastej\u0161\u00edch probl\u00e9mov. [...]<\/p>","protected":false},"author":1,"featured_media":118,"comment_status":"closed","ping_status":"closed","sticky":false,"template":"","format":"standard","meta":{"footnotes":""},"categories":[39],"tags":[],"class_list":["post-2022","post","type-post","status-publish","format-standard","has-post-thumbnail","hentry","category-prosklene-pricky"],"_links":{"self":[{"href":"https:\/\/dexo.cz\/sk\/wp-json\/wp\/v2\/posts\/2022","targetHints":{"allow":["GET"]}}],"collection":[{"href":"https:\/\/dexo.cz\/sk\/wp-json\/wp\/v2\/posts"}],"about":[{"href":"https:\/\/dexo.cz\/sk\/wp-json\/wp\/v2\/types\/post"}],"author":[{"embeddable":true,"href":"https:\/\/dexo.cz\/sk\/wp-json\/wp\/v2\/users\/1"}],"replies":[{"embeddable":true,"href":"https:\/\/dexo.cz\/sk\/wp-json\/wp\/v2\/comments?post=2022"}],"version-history":[{"count":0,"href":"https:\/\/dexo.cz\/sk\/wp-json\/wp\/v2\/posts\/2022\/revisions"}],"wp:featuredmedia":[{"embeddable":true,"href":"https:\/\/dexo.cz\/sk\/wp-json\/wp\/v2\/media\/118"}],"wp:attachment":[{"href":"https:\/\/dexo.cz\/sk\/wp-json\/wp\/v2\/media?parent=2022"}],"wp:term":[{"taxonomy":"category","embeddable":true,"href":"https:\/\/dexo.cz\/sk\/wp-json\/wp\/v2\/categories?post=2022"},{"taxonomy":"post_tag","embeddable":true,"href":"https:\/\/dexo.cz\/sk\/wp-json\/wp\/v2\/tags?post=2022"}],"curies":[{"name":"wp","href":"https:\/\/api.w.org\/{rel}","templated":true}]}}