{"id":4357,"date":"2025-07-15T09:56:10","date_gmt":"2025-07-15T09:56:10","guid":{"rendered":"https:\/\/new.dexo.cz\/?p=4357"},"modified":"2026-04-16T12:08:36","modified_gmt":"2026-04-16T12:08:36","slug":"dexo-prinasa-eleganciu-a-akusticky-komfort-do-novej-budovy-notina-v-brne","status":"publish","type":"post","link":"https:\/\/dexo.cz\/sk\/dexo-prinasa-eleganciu-a-akusticky-komfort-do-novej-budovy-notina-v-brne\/","title":{"rendered":"DEXO prin\u00e1\u0161a eleganciu a akustick\u00fd komfort do novej budovy Notina v Brne"},"content":{"rendered":"<h3 id=\"ember1261\" class=\"ember-view reader-text-block__heading-3\">Zaoblen\u00e9 sklenen\u00e9 steny ako symbol modernej architekt\u00fary<\/h3>\n<p id=\"ember1262\" class=\"ember-view reader-text-block__paragraph\">Za\u010diatkom tohto roka Notino sl\u00e1vnostne otvoril nov\u00fa budovu E. Na v\u0161etk\u00fdch 12 poschodiach sme realizovali <a class=\"kSBUiJRrsOOWKMOBBAaRdPUuGpbtisnNvRqrs\" tabindex=\"0\" href=\"https:\/\/dexo.cz\/sk\/sklenene-akusticke-obklady-elegancia-a-funkcnost-pre-modernu-architekturu\/\" target=\"_self\" data-test-app-aware-link=\"\">jedine\u010dn\u00e9 akustick\u00e9 prie\u010dky<\/a>. Zaoblen\u00e9 sklenen\u00e9 steny GS II. nielen\u017ee zvy\u0161uj\u00fa estetiku priestoru, ale zabezpe\u010duj\u00fa aj dokonal\u00fa zvukov\u00fa izol\u00e1ciu s Rw 47 dB.<\/p>\n<div class=\"reader-image-block reader-image-block--full-width\">\n<figure class=\"reader-image-block__figure\"><figcaption class=\"reader-image-block__figure-image-caption display-block full-width text-body-small-open t-sans text-align-center t-black--light\">\n<figure id=\"attachment_4098\" aria-describedby=\"caption-attachment-4098\" style=\"width: 800px\" class=\"wp-caption aligncenter\"><img fetchpriority=\"high\" decoding=\"async\" class=\"wp-image-4098 size-large\" src=\"https:\/\/dexo.cz\/wp-content\/uploads\/2025\/07\/NOTYNO-DEXO-3-1-1024x507.webp\" alt=\"\" width=\"800\" height=\"396\" srcset=\"https:\/\/dexo.cz\/wp-content\/uploads\/2025\/07\/NOTYNO-DEXO-3-1-1024x507.webp 1024w, https:\/\/dexo.cz\/wp-content\/uploads\/2025\/07\/NOTYNO-DEXO-3-1-300x148.webp 300w, https:\/\/dexo.cz\/wp-content\/uploads\/2025\/07\/NOTYNO-DEXO-3-1-768x380.webp 768w, https:\/\/dexo.cz\/wp-content\/uploads\/2025\/07\/NOTYNO-DEXO-3-1-1536x760.webp 1536w, https:\/\/dexo.cz\/wp-content\/uploads\/2025\/07\/NOTYNO-DEXO-3-1-18x9.webp 18w, https:\/\/dexo.cz\/wp-content\/uploads\/2025\/07\/NOTYNO-DEXO-3-1.webp 1920w\" sizes=\"(max-width: 800px) 100vw, 800px\" \/><figcaption id=\"caption-attachment-4098\" class=\"wp-caption-text\">Vstupn\u00e1 podlaha s parfumov\u00fdm lustrom<\/figcaption><\/figure>\n<\/figcaption><\/figure>\n<\/div>\n<h3 id=\"ember1265\" class=\"ember-view reader-text-block__heading-3\">Prec\u00edzny detail a nad\u010dasov\u00fd celok jDEXOboje.<\/h3>\n<p id=\"ember1266\" class=\"ember-view reader-text-block__paragraph\">Hlavn\u00fdm cie\u013eom projektu architektonick\u00e9ho \u0161t\u00fadia KYZLINK ARCHITEC bolo vytvori\u0165 otvoren\u00e9, osvetlen\u00e9 a vizu\u00e1lne prepojen\u00e9 prostredie, ktor\u00e9 z\u00e1rove\u0148 poskytuje dostato\u010dn\u00e9 s\u00fakromie a akustick\u00fd komfort. Sklenen\u00e9 prie\u010dky DEXO sp\u00e1jaj\u00fa tieto zdanlivo protichodn\u00e9 po\u017eiadavky v\u010faka prec\u00edznemu spracovaniu, \u0161pi\u010dkov\u00fdm materi\u00e1lom a vyladeniu do posledn\u00e9ho detailu. Preto\u017ee prec\u00edzny detail a nad\u010dasov\u00e1 celistvos\u0165 s\u00fa obojeDEXO.<\/p>\n<div class=\"reader-image-block reader-image-block--full-width\">\n<figure class=\"reader-image-block__figure\">\n<div class=\"ivm-image-view-model reader-image-block__img-container\">\n<div class=\"ivm-view-attr__img-wrapper\">\n<figure id=\"attachment_4102\" aria-describedby=\"caption-attachment-4102\" style=\"width: 800px\" class=\"wp-caption aligncenter\"><img decoding=\"async\" class=\"wp-image-4102 size-large\" src=\"https:\/\/dexo.cz\/wp-content\/uploads\/2025\/07\/NOTYNO-DEXO-7-1024x683.webp\" alt=\"\" width=\"800\" height=\"534\" srcset=\"https:\/\/dexo.cz\/wp-content\/uploads\/2025\/07\/NOTYNO-DEXO-7-1024x683.webp 1024w, https:\/\/dexo.cz\/wp-content\/uploads\/2025\/07\/NOTYNO-DEXO-7-300x200.webp 300w, https:\/\/dexo.cz\/wp-content\/uploads\/2025\/07\/NOTYNO-DEXO-7-768x512.webp 768w, https:\/\/dexo.cz\/wp-content\/uploads\/2025\/07\/NOTYNO-DEXO-7-1536x1024.webp 1536w, https:\/\/dexo.cz\/wp-content\/uploads\/2025\/07\/NOTYNO-DEXO-7-18x12.webp 18w, https:\/\/dexo.cz\/wp-content\/uploads\/2025\/07\/NOTYNO-DEXO-7.webp 1920w\" sizes=\"(max-width: 800px) 100vw, 800px\" \/><figcaption id=\"caption-attachment-4102\" class=\"wp-caption-text\">Zaoblen\u00e9 akustick\u00e9 steny<\/figcaption><\/figure>\n<\/div>\n<\/div><figcaption class=\"reader-image-block__figure-image-caption display-block full-width text-body-small-open t-sans text-align-center t-black--light\"><\/figcaption><\/figure>\n<\/div>\n<h3 id=\"ember1269\" class=\"ember-view reader-text-block__heading-3\">Dizajn a funk\u010dnos\u0165 v harm\u00f3nii<\/h3>\n<p id=\"ember1270\" class=\"ember-view reader-text-block__paragraph\">Nov\u00e1 budova E je navrhnut\u00e1 s d\u00f4razom na modern\u00fd dizajn a technologick\u00e9 inov\u00e1cie. To podporuj\u00fa aj integrovan\u00e9 tablety inforemor na vysoko elegantn\u00fdch dver\u00e1ch, kde sklo elegantne lemuje r\u00e1m dver\u00ed (dosahuje Rw 40 dB), alebo na\u0161e exkluz\u00edvne posuvn\u00e9 dvere Purian Move ved\u00face do kuchyne na najvy\u0161\u0161om poschod\u00ed. Netreba zab\u00fada\u0165 ani na zvukovo izolovan\u00e9 telef\u00f3nne skrinky pre maxim\u00e1lne s\u00fakromie pri telefonovan\u00ed alebo pr\u00e1ci.<\/p>\n<div class=\"reader-image-block reader-image-block--full-width\">\n<figure class=\"reader-image-block__figure\"><figcaption class=\"reader-image-block__figure-image-caption display-block full-width text-body-small-open t-sans text-align-center t-black--light\">\n<figure id=\"attachment_4097\" aria-describedby=\"caption-attachment-4097\" style=\"width: 800px\" class=\"wp-caption aligncenter\"><img decoding=\"async\" class=\"wp-image-4097 size-large\" src=\"https:\/\/dexo.cz\/wp-content\/uploads\/2025\/07\/NOTYNO-DEXO-2-1024x492.webp\" alt=\"\" width=\"800\" height=\"384\" srcset=\"https:\/\/dexo.cz\/wp-content\/uploads\/2025\/07\/NOTYNO-DEXO-2-1024x492.webp 1024w, https:\/\/dexo.cz\/wp-content\/uploads\/2025\/07\/NOTYNO-DEXO-2-300x144.webp 300w, https:\/\/dexo.cz\/wp-content\/uploads\/2025\/07\/NOTYNO-DEXO-2-768x369.webp 768w, https:\/\/dexo.cz\/wp-content\/uploads\/2025\/07\/NOTYNO-DEXO-2-1536x738.webp 1536w, https:\/\/dexo.cz\/wp-content\/uploads\/2025\/07\/NOTYNO-DEXO-2-18x9.webp 18w, https:\/\/dexo.cz\/wp-content\/uploads\/2025\/07\/NOTYNO-DEXO-2.webp 1920w\" sizes=\"(max-width: 800px) 100vw, 800px\" \/><figcaption id=\"caption-attachment-4097\" class=\"wp-caption-text\">Sofistikovan\u00e9 dizajnov\u00e9 prvky<\/figcaption><\/figure>\n<\/figcaption><\/figure>\n<\/div>\n<p id=\"ember1273\" class=\"ember-view reader-text-block__paragraph\">\u010eal\u0161\u00edm k\u013e\u00fa\u010dov\u00fdm pilierom koncepcie je kr\u00e1sa, ako aj v\u00f4\u0148a a dizajn luxusn\u00fdch parfumov alebo kozmetiky. Kto in\u00fd by tomu mal rozumie\u0165 lep\u0161ie ako Notino. Elegantn\u00e9 akustick\u00e9 prie\u010dky DEXO dod\u00e1vaj\u00fa interi\u00e9ru exkluz\u00edvny charakter a dokonale sp\u013a\u0148aj\u00fa t\u00fato po\u017eiadavku. Zamestnanci aj n\u00e1v\u0161tevn\u00edci sa m\u00f4\u017eu c\u00edti\u0165 h\u00fd\u010dkan\u00ed v prostred\u00ed, kde sa sp\u00e1ja kr\u00e1sa, harm\u00f3nia a sofistikovanos\u0165.<\/p>\n<div class=\"reader-image-block reader-image-block--full-width\">\n<figure class=\"reader-image-block__figure\"><figcaption class=\"reader-image-block__figure-image-caption display-block full-width text-body-small-open t-sans text-align-center t-black--light\">\n<figure id=\"attachment_5062\" aria-describedby=\"caption-attachment-5062\" style=\"width: 800px\" class=\"wp-caption aligncenter\"><img loading=\"lazy\" decoding=\"async\" class=\"wp-image-5062 size-large\" src=\"https:\/\/dexo.cz\/wp-content\/uploads\/2025\/09\/NOTINO-17-1024x768.webp\" alt=\"\" width=\"800\" height=\"600\" srcset=\"https:\/\/dexo.cz\/wp-content\/uploads\/2025\/09\/NOTINO-17-1024x768.webp 1024w, https:\/\/dexo.cz\/wp-content\/uploads\/2025\/09\/NOTINO-17-300x225.webp 300w, https:\/\/dexo.cz\/wp-content\/uploads\/2025\/09\/NOTINO-17-768x576.webp 768w, https:\/\/dexo.cz\/wp-content\/uploads\/2025\/09\/NOTINO-17-1536x1152.webp 1536w, https:\/\/dexo.cz\/wp-content\/uploads\/2025\/09\/NOTINO-17-16x12.webp 16w, https:\/\/dexo.cz\/wp-content\/uploads\/2025\/09\/NOTINO-17.webp 1920w\" sizes=\"(max-width: 800px) 100vw, 800px\" \/><figcaption id=\"caption-attachment-5062\" class=\"wp-caption-text\">Ka\u017ed\u00e9 poschodie m\u00e1 in\u00fa farebn\u00fa kombin\u00e1ciu<\/figcaption><\/figure>\n<\/figcaption><\/figure>\n<\/div>\n<h3 id=\"ember1276\" class=\"ember-view reader-text-block__heading-3\">Mobiln\u00e1 stena DEXO Palace na najvy\u0161\u0161om poschod\u00ed<\/h3>\n<p id=\"ember1277\" class=\"ember-view reader-text-block__paragraph\">Neoddelite\u013enou s\u00fa\u010das\u0165ou projektu je posuvn\u00e1 pevn\u00e1 stena Palace, ktor\u00e1 bola nain\u0161talovan\u00e1 na najvy\u0161\u0161om poschod\u00ed budovy. Toto rie\u0161enie umo\u017e\u0148uje variabiln\u00e9 vyu\u017eitie priestoru, kde sa d\u00e1 v priebehu chv\u00ed\u013eky vytvori\u0165 otvoren\u00fd rokovac\u00ed priestor alebo samostatn\u00e1 konferen\u010dn\u00e1 miestnos\u0165 s dokonalou akustikou.<\/p>\n<div class=\"reader-image-block reader-image-block--full-width\">\n<figure class=\"reader-image-block__figure\">\n<div class=\"ivm-image-view-model reader-image-block__img-container\">\n<div class=\"ivm-view-attr__img-wrapper\">\n<figure id=\"attachment_4099\" aria-describedby=\"caption-attachment-4099\" style=\"width: 800px\" class=\"wp-caption aligncenter\"><img loading=\"lazy\" decoding=\"async\" class=\"wp-image-4099 size-large\" src=\"https:\/\/dexo.cz\/wp-content\/uploads\/2025\/07\/NOTYNO-DEXO-3-1024x662.webp\" alt=\"\" width=\"800\" height=\"517\" srcset=\"https:\/\/dexo.cz\/wp-content\/uploads\/2025\/07\/NOTYNO-DEXO-3-1024x662.webp 1024w, https:\/\/dexo.cz\/wp-content\/uploads\/2025\/07\/NOTYNO-DEXO-3-300x194.webp 300w, https:\/\/dexo.cz\/wp-content\/uploads\/2025\/07\/NOTYNO-DEXO-3-768x496.webp 768w, https:\/\/dexo.cz\/wp-content\/uploads\/2025\/07\/NOTYNO-DEXO-3-1536x993.webp 1536w, https:\/\/dexo.cz\/wp-content\/uploads\/2025\/07\/NOTYNO-DEXO-3-18x12.webp 18w, https:\/\/dexo.cz\/wp-content\/uploads\/2025\/07\/NOTYNO-DEXO-3.webp 1920w\" sizes=\"(max-width: 800px) 100vw, 800px\" \/><figcaption id=\"caption-attachment-4099\" class=\"wp-caption-text\">Posuvn\u00e1 stena DEXO Palace<\/figcaption><\/figure>\n<\/div>\n<\/div>\n<\/figure>\n<\/div>\n<h3 id=\"ember1280\" class=\"ember-view reader-text-block__heading-3\">Technologick\u00e1 presnos\u0165 a inov\u00e1cie<\/h3>\n<p id=\"ember1281\" class=\"ember-view reader-text-block__paragraph\">Ka\u017ed\u00fd detail tejto budovy bol starostlivo premyslen\u00fd tak, aby sp\u013a\u0148al najvy\u0161\u0161ie \u0161tandardy funk\u010dnosti a estetiky. V\u010faka na\u0161ej <a class=\"kSBUiJRrsOOWKMOBBAaRdPUuGpbtisnNvRqrs\" tabindex=\"0\" href=\"https:\/\/dexo.cz\/sk\/ako-pracujeme\/\" target=\"_self\" data-test-app-aware-link=\"\">dlhoro\u010dn\u00e9 sk\u00fasenosti<\/a> a pou\u017eit\u00edm najmodernej\u0161\u00edch technol\u00f3gi\u00ed sme dosiahli maxim\u00e1lnu presnos\u0165 mont\u00e1\u017ee aj pri n\u00e1ro\u010dn\u00fdch zakriven\u00fdch sklenen\u00fdch prvkoch.<\/p>\n<div class=\"reader-image-block reader-image-block--full-width\">\n<figure class=\"reader-image-block__figure\"><figcaption class=\"reader-image-block__figure-image-caption display-block full-width text-body-small-open t-sans text-align-center t-black--light\">\n<figure id=\"attachment_4089\" aria-describedby=\"caption-attachment-4089\" style=\"width: 800px\" class=\"wp-caption aligncenter\"><img loading=\"lazy\" decoding=\"async\" class=\"wp-image-4089 size-large\" src=\"https:\/\/dexo.cz\/wp-content\/uploads\/2025\/07\/NOTINO-09-1024x768.webp\" alt=\"\" width=\"800\" height=\"600\" srcset=\"https:\/\/dexo.cz\/wp-content\/uploads\/2025\/07\/NOTINO-09-1024x768.webp 1024w, https:\/\/dexo.cz\/wp-content\/uploads\/2025\/07\/NOTINO-09-300x225.webp 300w, https:\/\/dexo.cz\/wp-content\/uploads\/2025\/07\/NOTINO-09-768x576.webp 768w, https:\/\/dexo.cz\/wp-content\/uploads\/2025\/07\/NOTINO-09-1536x1152.webp 1536w, https:\/\/dexo.cz\/wp-content\/uploads\/2025\/07\/NOTINO-09-16x12.webp 16w, https:\/\/dexo.cz\/wp-content\/uploads\/2025\/07\/NOTINO-09.webp 1920w\" sizes=\"(max-width: 800px) 100vw, 800px\" \/><figcaption id=\"caption-attachment-4089\" class=\"wp-caption-text\">Posuvn\u00e9 dvere Purian na najvy\u0161\u0161om poschod\u00ed<\/figcaption><\/figure>\n<\/figcaption><\/figure>\n<\/div>\n<h3 id=\"ember1284\" class=\"ember-view reader-text-block__heading-3\">DEXO - partner pre pr\u00e9miov\u00e9 sklenen\u00e9 kon\u0161trukcie<\/h3>\n<p id=\"ember1285\" class=\"ember-view reader-text-block__paragraph\">Ak h\u013ead\u00e1te kvalitn\u00e9, elegantn\u00e9 a funk\u010dn\u00e9 rie\u0161enie, nev\u00e1hajte n\u00e1s kontaktova\u0165. Te\u0161\u00edme sa na v\u00e1\u0161 projekt!<\/p>\n<div class=\"reader-image-block reader-image-block--full-width\">\n<figure class=\"reader-image-block__figure\">\n<div class=\"ivm-image-view-model reader-image-block__img-container\"><\/div>\n<\/figure>\n<\/div>\n<div class=\"reader-image-block reader-image-block--full-width\">\n<figure class=\"reader-image-block__figure\">\n<div class=\"ivm-image-view-model reader-image-block__img-container\">\n<div class=\"ivm-view-attr__img-wrapper\"><img loading=\"lazy\" decoding=\"async\" class=\"aligncenter wp-image-4103 size-large\" src=\"https:\/\/dexo.cz\/wp-content\/uploads\/2025\/07\/NOTYNO-DEXO-8-1024x683.webp\" alt=\"\" width=\"800\" height=\"534\" srcset=\"https:\/\/dexo.cz\/wp-content\/uploads\/2025\/07\/NOTYNO-DEXO-8-1024x683.webp 1024w, https:\/\/dexo.cz\/wp-content\/uploads\/2025\/07\/NOTYNO-DEXO-8-300x200.webp 300w, https:\/\/dexo.cz\/wp-content\/uploads\/2025\/07\/NOTYNO-DEXO-8-768x512.webp 768w, https:\/\/dexo.cz\/wp-content\/uploads\/2025\/07\/NOTYNO-DEXO-8-1536x1024.webp 1536w, https:\/\/dexo.cz\/wp-content\/uploads\/2025\/07\/NOTYNO-DEXO-8-18x12.webp 18w, https:\/\/dexo.cz\/wp-content\/uploads\/2025\/07\/NOTYNO-DEXO-8.webp 1920w\" sizes=\"(max-width: 800px) 100vw, 800px\" \/><\/div>\n<div><\/div>\n<div class=\"ivm-view-attr__img-wrapper\"><img loading=\"lazy\" decoding=\"async\" class=\"aligncenter wp-image-4094 size-large\" src=\"https:\/\/dexo.cz\/wp-content\/uploads\/2025\/07\/NOTYNO-DEXO-1-1-1024x768.webp\" alt=\"\" width=\"800\" height=\"600\" srcset=\"https:\/\/dexo.cz\/wp-content\/uploads\/2025\/07\/NOTYNO-DEXO-1-1-1024x768.webp 1024w, https:\/\/dexo.cz\/wp-content\/uploads\/2025\/07\/NOTYNO-DEXO-1-1-300x225.webp 300w, https:\/\/dexo.cz\/wp-content\/uploads\/2025\/07\/NOTYNO-DEXO-1-1-768x576.webp 768w, https:\/\/dexo.cz\/wp-content\/uploads\/2025\/07\/NOTYNO-DEXO-1-1-1536x1152.webp 1536w, https:\/\/dexo.cz\/wp-content\/uploads\/2025\/07\/NOTYNO-DEXO-1-1-16x12.webp 16w, https:\/\/dexo.cz\/wp-content\/uploads\/2025\/07\/NOTYNO-DEXO-1-1.webp 1920w\" sizes=\"(max-width: 800px) 100vw, 800px\" \/><\/div>\n<div><\/div>\n<div><img loading=\"lazy\" decoding=\"async\" class=\"aligncenter wp-image-4101 size-large\" src=\"https:\/\/dexo.cz\/wp-content\/uploads\/2025\/07\/NOTYNO-DEXO-6-1024x683.webp\" alt=\"\" width=\"800\" height=\"534\" srcset=\"https:\/\/dexo.cz\/wp-content\/uploads\/2025\/07\/NOTYNO-DEXO-6-1024x683.webp 1024w, https:\/\/dexo.cz\/wp-content\/uploads\/2025\/07\/NOTYNO-DEXO-6-300x200.webp 300w, https:\/\/dexo.cz\/wp-content\/uploads\/2025\/07\/NOTYNO-DEXO-6-768x512.webp 768w, https:\/\/dexo.cz\/wp-content\/uploads\/2025\/07\/NOTYNO-DEXO-6-1536x1024.webp 1536w, https:\/\/dexo.cz\/wp-content\/uploads\/2025\/07\/NOTYNO-DEXO-6-18x12.webp 18w, https:\/\/dexo.cz\/wp-content\/uploads\/2025\/07\/NOTYNO-DEXO-6.webp 1920w\" sizes=\"(max-width: 800px) 100vw, 800px\" \/><\/div>\n<\/div>\n<\/figure>\n<\/div>","protected":false},"excerpt":{"rendered":"<p>Zaoblen\u00e9 sklenen\u00e9 steny ako symbol modernej architekt\u00fary Za\u010diatkom tohto roka spolo\u010dnos\u0165 Notino sl\u00e1vnostne otvorila nov\u00fa budovu E. Na v\u0161etk\u00fdch 12 poschodiach sme realizovali unik\u00e1tne akustick\u00e9 prie\u010dky. Zaoblen\u00e9 sklenen\u00e9 steny GS II nielen\u017ee zv\u00fdraz\u0148uj\u00fa estetiku priestoru, ale poskytuj\u00fa aj dokonal\u00fa zvukov\u00fa izol\u00e1ciu s Rw 47 dB. Prec\u00edzny detail a nad\u010dasov\u00fd celok jDEXBoth. Hlavn\u00fdm cie\u013eom projektu je [...]<\/p>","protected":false},"author":5,"featured_media":4088,"comment_status":"closed","ping_status":"closed","sticky":false,"template":"","format":"standard","meta":{"footnotes":""},"categories":[39],"tags":[],"class_list":["post-4357","post","type-post","status-publish","format-standard","has-post-thumbnail","hentry","category-prosklene-pricky"],"_links":{"self":[{"href":"https:\/\/dexo.cz\/sk\/wp-json\/wp\/v2\/posts\/4357","targetHints":{"allow":["GET"]}}],"collection":[{"href":"https:\/\/dexo.cz\/sk\/wp-json\/wp\/v2\/posts"}],"about":[{"href":"https:\/\/dexo.cz\/sk\/wp-json\/wp\/v2\/types\/post"}],"author":[{"embeddable":true,"href":"https:\/\/dexo.cz\/sk\/wp-json\/wp\/v2\/users\/5"}],"replies":[{"embeddable":true,"href":"https:\/\/dexo.cz\/sk\/wp-json\/wp\/v2\/comments?post=4357"}],"version-history":[{"count":4,"href":"https:\/\/dexo.cz\/sk\/wp-json\/wp\/v2\/posts\/4357\/revisions"}],"predecessor-version":[{"id":6892,"href":"https:\/\/dexo.cz\/sk\/wp-json\/wp\/v2\/posts\/4357\/revisions\/6892"}],"wp:featuredmedia":[{"embeddable":true,"href":"https:\/\/dexo.cz\/sk\/wp-json\/wp\/v2\/media\/4088"}],"wp:attachment":[{"href":"https:\/\/dexo.cz\/sk\/wp-json\/wp\/v2\/media?parent=4357"}],"wp:term":[{"taxonomy":"category","embeddable":true,"href":"https:\/\/dexo.cz\/sk\/wp-json\/wp\/v2\/categories?post=4357"},{"taxonomy":"post_tag","embeddable":true,"href":"https:\/\/dexo.cz\/sk\/wp-json\/wp\/v2\/tags?post=4357"}],"curies":[{"name":"wp","href":"https:\/\/api.w.org\/{rel}","templated":true}]}}