{"id":5267,"date":"2025-09-23T09:18:47","date_gmt":"2025-09-23T09:18:47","guid":{"rendered":"https:\/\/dexo.cz\/?p=5267"},"modified":"2026-04-16T12:09:50","modified_gmt":"2026-04-16T12:09:50","slug":"sme-vas-partner-na-slovensku-acoustic-pricky-dexo-v-centre-bratislavy","status":"publish","type":"post","link":"https:\/\/dexo.cz\/sk\/sme-vas-partner-na-slovensku-acoustic-pricky-dexo-v-centre-bratislavy\/","title":{"rendered":"Sme v\u00e1\u0161 partner na Slovensku - DEXO prie\u010dky v centre Bratislavy"},"content":{"rendered":"<p>V Bratislave sme mali mo\u017enos\u0165 realizova\u0165 v\u00fdnimo\u010dn\u00fd projekt pre spolo\u010dnos\u0165 EOS, ktor\u00e1 s\u00eddli v modernej budove Nov\u00e9 Apollo. Dodali sme 390 m\u00b2 kancel\u00e1rskych priestorov <a href=\"https:\/\/dexo.cz\/sk\/produkty\/gs-ii-design\/\">akustick\u00fdch prie\u010dok DEXO<\/a>, ktor\u00e9 sp\u00e1jaj\u00fa elegantn\u00fd dizajn s maxim\u00e1lnou funk\u010dnos\u0165ou.<\/p>\n<h5>\"Sme spokojn\u00ed s dizajnom aj akustikou.\"<br \/>\n- <em>Marek \u0160egeda, \u0161pecialista n\u00e1kupu, EOS Bratislava<\/em><\/h5>\n<figure id=\"attachment_5290\" aria-describedby=\"caption-attachment-5290\" style=\"width: 800px\" class=\"wp-caption aligncenter\"><img fetchpriority=\"high\" decoding=\"async\" class=\"wp-image-5290 size-large\" src=\"https:\/\/dexo.cz\/wp-content\/uploads\/2025\/09\/038-bratislava-6158-1024x683.jpg\" alt=\"\" width=\"800\" height=\"534\" srcset=\"https:\/\/dexo.cz\/wp-content\/uploads\/2025\/09\/038-bratislava-6158-1024x683.jpg 1024w, https:\/\/dexo.cz\/wp-content\/uploads\/2025\/09\/038-bratislava-6158-300x200.jpg 300w, https:\/\/dexo.cz\/wp-content\/uploads\/2025\/09\/038-bratislava-6158-768x512.jpg 768w, https:\/\/dexo.cz\/wp-content\/uploads\/2025\/09\/038-bratislava-6158-1536x1024.jpg 1536w, https:\/\/dexo.cz\/wp-content\/uploads\/2025\/09\/038-bratislava-6158-18x12.jpg 18w, https:\/\/dexo.cz\/wp-content\/uploads\/2025\/09\/038-bratislava-6158.jpg 1920w\" sizes=\"(max-width: 800px) 100vw, 800px\" \/><figcaption id=\"caption-attachment-5290\" class=\"wp-caption-text\">Akustick\u00e9 prie\u010dky a dizajnov\u00e9 dvere Purian, EOS Bratislava<\/figcaption><\/figure>\n<h3>Purian - dvere, ktor\u00e9 ud\u00e1vaj\u00fa t\u00f3n interi\u00e9ru<\/h3>\n<p>Nad\u010dasov\u00e9 <a href=\"https:\/\/dexo.cz\/sk\/produkty\/dizajnove-sklenene-dvere\/\">Dvere Purian<\/a>, ktor\u00e9 stanovuj\u00fa vysok\u00fd \u0161tandard z h\u013eadiska funk\u010dnosti a estetiky. Sklo dvern\u00e9ho kr\u00eddla je na oboch stran\u00e1ch osaden\u00e9 pred vn\u00fatorn\u00fdm skryt\u00fdm r\u00e1mom, tak\u017ee vizu\u00e1lna plocha dver\u00ed dokonale lad\u00ed so sklenenou stenou. T\u00e1to \u010dist\u00e1 l\u00ednia pod\u010diarkuje eleganciu modern\u00e9ho interi\u00e9ru. V\u010faka vysokej hodnote Rw dvere \u00fa\u010dinne pohlcuj\u00fa hluk a zabezpe\u010duj\u00fa maxim\u00e1lny akustick\u00fd komfort.<\/p>\n<h5><em>\"Dvere, ktor\u00e9 ste n\u00e1m dodali, s\u00fa bezchybn\u00e9, dokonale ladia so sklenenou stenou. Je to naozaj pekn\u00fd vzh\u013ead. Nem\u00e1me probl\u00e9m ani s akustikou a funk\u010dnos\u0165ou dver\u00ed. \u010eakujeme.\" - oce\u0148uje \u0160egeda<\/em><\/h5>\n<figure id=\"attachment_5303\" aria-describedby=\"caption-attachment-5303\" style=\"width: 800px\" class=\"wp-caption aligncenter\"><img decoding=\"async\" class=\"wp-image-5303 size-large\" src=\"https:\/\/dexo.cz\/wp-content\/uploads\/2025\/09\/031-bratislava--1024x683.jpg\" alt=\"\" width=\"800\" height=\"534\" srcset=\"https:\/\/dexo.cz\/wp-content\/uploads\/2025\/09\/031-bratislava--1024x683.jpg 1024w, https:\/\/dexo.cz\/wp-content\/uploads\/2025\/09\/031-bratislava--300x200.jpg 300w, https:\/\/dexo.cz\/wp-content\/uploads\/2025\/09\/031-bratislava--768x512.jpg 768w, https:\/\/dexo.cz\/wp-content\/uploads\/2025\/09\/031-bratislava--1536x1024.jpg 1536w, https:\/\/dexo.cz\/wp-content\/uploads\/2025\/09\/031-bratislava--18x12.jpg 18w, https:\/\/dexo.cz\/wp-content\/uploads\/2025\/09\/031-bratislava-.jpg 1920w\" sizes=\"(max-width: 800px) 100vw, 800px\" \/><figcaption id=\"caption-attachment-5303\" class=\"wp-caption-text\">Dvere s arkierov\u00fdm dizajnom Purian<\/figcaption><\/figure>\n<figure id=\"attachment_5287\" aria-describedby=\"caption-attachment-5287\" style=\"width: 800px\" class=\"wp-caption aligncenter\"><img decoding=\"async\" class=\"wp-image-5287 size-large\" src=\"https:\/\/dexo.cz\/wp-content\/uploads\/2025\/09\/064-bratislava-6203-1024x683.jpg\" alt=\"\" width=\"800\" height=\"534\" srcset=\"https:\/\/dexo.cz\/wp-content\/uploads\/2025\/09\/064-bratislava-6203-1024x683.jpg 1024w, https:\/\/dexo.cz\/wp-content\/uploads\/2025\/09\/064-bratislava-6203-300x200.jpg 300w, https:\/\/dexo.cz\/wp-content\/uploads\/2025\/09\/064-bratislava-6203-768x512.jpg 768w, https:\/\/dexo.cz\/wp-content\/uploads\/2025\/09\/064-bratislava-6203-1536x1024.jpg 1536w, https:\/\/dexo.cz\/wp-content\/uploads\/2025\/09\/064-bratislava-6203-18x12.jpg 18w, https:\/\/dexo.cz\/wp-content\/uploads\/2025\/09\/064-bratislava-6203.jpg 1920w\" sizes=\"(max-width: 800px) 100vw, 800px\" \/><figcaption id=\"caption-attachment-5287\" class=\"wp-caption-text\">Sklenen\u00e9 prie\u010dky a dvere na chodbe<\/figcaption><\/figure>\n<h3>Technol\u00f3gie, ktor\u00e9 u\u013eah\u010duj\u00fa ka\u017edodenn\u00fa pr\u00e1cu<\/h3>\n<p>Praktickos\u0165 na\u0161ich rie\u0161en\u00ed pod\u010diarkuj\u00fa integrovan\u00e9 tablety informac v rokovac\u00edch miestnostiach. V\u010faka nim je rezerv\u00e1cia jednoduch\u00e1 - sta\u010d\u00ed jedno kliknutie na po\u010d\u00edta\u010di alebo mobilnom telef\u00f3ne a kancel\u00e1ria je rezervovan\u00e1.<\/p>\n<figure id=\"attachment_5288\" aria-describedby=\"caption-attachment-5288\" style=\"width: 800px\" class=\"wp-caption aligncenter\"><img loading=\"lazy\" decoding=\"async\" class=\"wp-image-5288 size-large\" src=\"https:\/\/dexo.cz\/wp-content\/uploads\/2025\/09\/057-bratislava-6193-1024x683.jpg\" alt=\"\" width=\"800\" height=\"534\" srcset=\"https:\/\/dexo.cz\/wp-content\/uploads\/2025\/09\/057-bratislava-6193-1024x683.jpg 1024w, https:\/\/dexo.cz\/wp-content\/uploads\/2025\/09\/057-bratislava-6193-300x200.jpg 300w, https:\/\/dexo.cz\/wp-content\/uploads\/2025\/09\/057-bratislava-6193-768x512.jpg 768w, https:\/\/dexo.cz\/wp-content\/uploads\/2025\/09\/057-bratislava-6193-1536x1024.jpg 1536w, https:\/\/dexo.cz\/wp-content\/uploads\/2025\/09\/057-bratislava-6193-18x12.jpg 18w, https:\/\/dexo.cz\/wp-content\/uploads\/2025\/09\/057-bratislava-6193.jpg 1920w\" sizes=\"(max-width: 800px) 100vw, 800px\" \/><figcaption id=\"caption-attachment-5288\" class=\"wp-caption-text\">Integrovan\u00fd tablet na pr\u00edstup k dver\u00e1m Purian<\/figcaption><\/figure>\n<h3>Farebn\u00e9 konferen\u010dn\u00e9 miestnosti<\/h3>\n<p>\u010eal\u0161\u00edm v\u00fdrazn\u00fdm prvkom projektu s\u00fa zasadacie miestnosti s dvojit\u00fdm zasklen\u00edm a akustick\u00fdmi panelmi, ktor\u00e9 ladia s r\u00f4znymi farebn\u00fdmi odtie\u0148mi. V\u0161etko z\u00e1vis\u00ed od n\u00e1lady - niekedy vesel\u00e1 oran\u017eov\u00e1 rozjasn\u00ed priestor, inokedy ho upokoj\u00ed elegantn\u00e1 petrolejovo modr\u00e1.<br \/>\nNa dosiahnutie maxim\u00e1lneho s\u00fakromia mo\u017eno zatiahnu\u0165 aj \u0161t\u00fdlov\u00e9 farebn\u00e9 akustick\u00e9 z\u00e1vesy, ktor\u00e9 okam\u017eite vytvoria int\u00edmne prostredie na stretnutia alebo s\u00fastreden\u00fa pr\u00e1cu.<\/p>\n<h5><em>\"Zasada\u010dky vyu\u017e\u00edvame ka\u017ed\u00fd de\u0148 na stretnutia a sme ve\u013emi spokojn\u00ed. P\u00e1\u010di sa to aj na\u0161im klientom.\" <\/em><em>- uzatv\u00e1ra \u0160egeda<\/em><\/h5>\n<figure id=\"attachment_5289\" aria-describedby=\"caption-attachment-5289\" style=\"width: 800px\" class=\"wp-caption aligncenter\"><img loading=\"lazy\" decoding=\"async\" class=\"wp-image-5289 size-large\" src=\"https:\/\/dexo.cz\/wp-content\/uploads\/2025\/09\/072-bratislava-0818-1024x683.jpg\" alt=\"\" width=\"800\" height=\"534\" srcset=\"https:\/\/dexo.cz\/wp-content\/uploads\/2025\/09\/072-bratislava-0818-1024x683.jpg 1024w, https:\/\/dexo.cz\/wp-content\/uploads\/2025\/09\/072-bratislava-0818-300x200.jpg 300w, https:\/\/dexo.cz\/wp-content\/uploads\/2025\/09\/072-bratislava-0818-768x512.jpg 768w, https:\/\/dexo.cz\/wp-content\/uploads\/2025\/09\/072-bratislava-0818-1536x1024.jpg 1536w, https:\/\/dexo.cz\/wp-content\/uploads\/2025\/09\/072-bratislava-0818-18x12.jpg 18w, https:\/\/dexo.cz\/wp-content\/uploads\/2025\/09\/072-bratislava-0818.jpg 1920w\" sizes=\"(max-width: 800px) 100vw, 800px\" \/><figcaption id=\"caption-attachment-5289\" class=\"wp-caption-text\">Farebn\u00e9 akustick\u00e9 panely, EOS Bratislava<\/figcaption><\/figure>\n<figure id=\"attachment_5302\" aria-describedby=\"caption-attachment-5302\" style=\"width: 800px\" class=\"wp-caption aligncenter\"><img loading=\"lazy\" decoding=\"async\" class=\"wp-image-5302 size-large\" src=\"https:\/\/dexo.cz\/wp-content\/uploads\/2025\/09\/025-bratislava-6136-1024x683.jpg\" alt=\"\" width=\"800\" height=\"534\" srcset=\"https:\/\/dexo.cz\/wp-content\/uploads\/2025\/09\/025-bratislava-6136-1024x683.jpg 1024w, https:\/\/dexo.cz\/wp-content\/uploads\/2025\/09\/025-bratislava-6136-300x200.jpg 300w, https:\/\/dexo.cz\/wp-content\/uploads\/2025\/09\/025-bratislava-6136-768x512.jpg 768w, https:\/\/dexo.cz\/wp-content\/uploads\/2025\/09\/025-bratislava-6136-1536x1024.jpg 1536w, https:\/\/dexo.cz\/wp-content\/uploads\/2025\/09\/025-bratislava-6136-18x12.jpg 18w, https:\/\/dexo.cz\/wp-content\/uploads\/2025\/09\/025-bratislava-6136.jpg 1920w\" sizes=\"(max-width: 800px) 100vw, 800px\" \/><figcaption id=\"caption-attachment-5302\" class=\"wp-caption-text\">Farebn\u00e9 akustick\u00e9 panely, EOS Bratislava<\/figcaption><\/figure>\n<h3>Komfort, vidite\u013enos\u0165 a bezpe\u010dnos\u0165<\/h3>\n<p>Kancel\u00e1rie EOS pon\u00fakaj\u00fa jedine\u010dn\u00fd v\u00fdh\u013ead na Bratislavu, ktor\u00fd je zv\u00fdraznen\u00fd na\u0161imi celosklenen\u00fdmi bezr\u00e1mov\u00fdmi prie\u010dkami. V\u010faka nim si m\u00f4\u017eete vychutna\u0165 v\u00fdh\u013ead aj cez rohov\u00fa kancel\u00e1riu mana\u017e\u00e9ra.<br \/>\nNa diskr\u00e9tnu komunik\u00e1ciu s klientmi sme nain\u0161talovali aj posuvn\u00e9 okno s medzisklen\u00fdmi \u017eal\u00faziami, ktor\u00e9 chr\u00e1nia s\u00fakromie po\u010das stretnut\u00ed.<br \/>\nNem\u00f4\u017eeme zabudn\u00fa\u0165 ani na dvojkr\u00eddlov\u00e9 protipo\u017eiarne dvere, ktor\u00e9 sp\u00e1jaj\u00fa elegantn\u00fd dizajn s maxim\u00e1lnou bezpe\u010dnos\u0165ou.<\/p>\n<figure id=\"attachment_1503\" aria-describedby=\"caption-attachment-1503\" style=\"width: 800px\" class=\"wp-caption aligncenter\"><img loading=\"lazy\" decoding=\"async\" class=\"wp-image-1503 size-large\" src=\"https:\/\/dexo.cz\/wp-content\/uploads\/2025\/06\/eos-interier7-1024x683.webp\" alt=\"\" width=\"800\" height=\"534\" srcset=\"https:\/\/dexo.cz\/wp-content\/uploads\/2025\/06\/eos-interier7-1024x683.webp 1024w, https:\/\/dexo.cz\/wp-content\/uploads\/2025\/06\/eos-interier7-300x200.webp 300w, https:\/\/dexo.cz\/wp-content\/uploads\/2025\/06\/eos-interier7-768x512.webp 768w, https:\/\/dexo.cz\/wp-content\/uploads\/2025\/06\/eos-interier7-1536x1024.webp 1536w, https:\/\/dexo.cz\/wp-content\/uploads\/2025\/06\/eos-interier7-18x12.webp 18w, https:\/\/dexo.cz\/wp-content\/uploads\/2025\/06\/eos-interier7.webp 1920w\" sizes=\"(max-width: 800px) 100vw, 800px\" \/><figcaption id=\"caption-attachment-1503\" class=\"wp-caption-text\">Sklenen\u00e1 rohov\u00e1 kancel\u00e1ria z akustick\u00e9ho skla<\/figcaption><\/figure>\n<figure id=\"attachment_1498\" aria-describedby=\"caption-attachment-1498\" style=\"width: 800px\" class=\"wp-caption aligncenter\"><img loading=\"lazy\" decoding=\"async\" class=\"wp-image-1498 size-large\" src=\"https:\/\/dexo.cz\/wp-content\/uploads\/2025\/06\/eos-interier2-1024x683.webp\" alt=\"\" width=\"800\" height=\"534\" srcset=\"https:\/\/dexo.cz\/wp-content\/uploads\/2025\/06\/eos-interier2-1024x683.webp 1024w, https:\/\/dexo.cz\/wp-content\/uploads\/2025\/06\/eos-interier2-300x200.webp 300w, https:\/\/dexo.cz\/wp-content\/uploads\/2025\/06\/eos-interier2-768x512.webp 768w, https:\/\/dexo.cz\/wp-content\/uploads\/2025\/06\/eos-interier2-1536x1024.webp 1536w, https:\/\/dexo.cz\/wp-content\/uploads\/2025\/06\/eos-interier2-18x12.webp 18w, https:\/\/dexo.cz\/wp-content\/uploads\/2025\/06\/eos-interier2.webp 1920w\" sizes=\"(max-width: 800px) 100vw, 800px\" \/><figcaption id=\"caption-attachment-1498\" class=\"wp-caption-text\">Posuvn\u00e9 okno s medzisklenn\u00fdmi \u017eal\u00faziami na diskr\u00e9tnu komunik\u00e1ciu s klientmi<\/figcaption><\/figure>\n<figure id=\"attachment_5292\" aria-describedby=\"caption-attachment-5292\" style=\"width: 800px\" class=\"wp-caption aligncenter\"><img loading=\"lazy\" decoding=\"async\" class=\"wp-image-5292 size-large\" src=\"https:\/\/dexo.cz\/wp-content\/uploads\/2025\/09\/074-bratislava-6220-1024x683.jpg\" alt=\"\" width=\"800\" height=\"534\" srcset=\"https:\/\/dexo.cz\/wp-content\/uploads\/2025\/09\/074-bratislava-6220-1024x683.jpg 1024w, https:\/\/dexo.cz\/wp-content\/uploads\/2025\/09\/074-bratislava-6220-300x200.jpg 300w, https:\/\/dexo.cz\/wp-content\/uploads\/2025\/09\/074-bratislava-6220-768x512.jpg 768w, https:\/\/dexo.cz\/wp-content\/uploads\/2025\/09\/074-bratislava-6220-1536x1024.jpg 1536w, https:\/\/dexo.cz\/wp-content\/uploads\/2025\/09\/074-bratislava-6220-18x12.jpg 18w, https:\/\/dexo.cz\/wp-content\/uploads\/2025\/09\/074-bratislava-6220.jpg 1920w\" sizes=\"(max-width: 800px) 100vw, 800px\" \/><figcaption id=\"caption-attachment-5292\" class=\"wp-caption-text\">Dvojkr\u00eddlov\u00e9 protipo\u017eiarne dvere a zasadacie miestnosti<\/figcaption><\/figure>\n<h3>Dexo v Bratislave - elegancia na ka\u017edom kroku<\/h3>\n<p>Projekt EOS nie je jedin\u00fdm pr\u00edkladom na\u0161ej pr\u00e1ce na Slovensku. Medzi \u010fal\u0161ie v\u00fdnimo\u010dn\u00e9 projekty patria kancel\u00e1rie <a href=\"https:\/\/dexo.cz\/sk\/referencie\/aardwark\/\">Aardwark, Bratislava<\/a>. V pam\u00e4ti v\u00e1m utkvej\u00fa nielen elegantn\u00e9 bezr\u00e1mov\u00e9 prie\u010dky s vysok\u00fdmi dverami, ale aj v\u00fdrazn\u00e1 fialov\u00e1 farba interi\u00e9ru a origin\u00e1lne ma\u013eby. Tento priestor a\u00a0<a href=\"https:\/\/dexo.cz\/sk\/referencie\/eos\/\">Kancel\u00e1rie EOS<\/a> s\u00fa d\u00f4kazom toho, \u017ee sklo a dizajn m\u00f4\u017eu spolo\u010dne vytv\u00e1ra\u0165 skuto\u010dne nezabudnute\u013en\u00e9 prostredie.<\/p>\n<figure id=\"attachment_4042\" aria-describedby=\"caption-attachment-4042\" style=\"width: 800px\" class=\"wp-caption aligncenter\"><a href=\"https:\/\/dexo.cz\/sk\/referencie\/aardwark\/\"><img loading=\"lazy\" decoding=\"async\" class=\"wp-image-4042 size-large\" src=\"https:\/\/dexo.cz\/wp-content\/uploads\/2025\/07\/Aardwark-2-1024x683.webp\" alt=\"\" width=\"800\" height=\"534\" srcset=\"https:\/\/dexo.cz\/wp-content\/uploads\/2025\/07\/Aardwark-2-1024x683.webp 1024w, https:\/\/dexo.cz\/wp-content\/uploads\/2025\/07\/Aardwark-2-300x200.webp 300w, https:\/\/dexo.cz\/wp-content\/uploads\/2025\/07\/Aardwark-2-768x512.webp 768w, https:\/\/dexo.cz\/wp-content\/uploads\/2025\/07\/Aardwark-2-1536x1024.webp 1536w, https:\/\/dexo.cz\/wp-content\/uploads\/2025\/07\/Aardwark-2-18x12.webp 18w, https:\/\/dexo.cz\/wp-content\/uploads\/2025\/07\/Aardwark-2.webp 1920w\" sizes=\"(max-width: 800px) 100vw, 800px\" \/><\/a><figcaption id=\"caption-attachment-4042\" class=\"wp-caption-text\">Aardwark, Bratislava<\/figcaption><\/figure>","protected":false},"excerpt":{"rendered":"<p>V Bratislave sme mali mo\u017enos\u0165 realizova\u0165 v\u00fdnimo\u010dn\u00fd projekt pre spolo\u010dnos\u0165 EOS, ktor\u00e1 s\u00eddli v modernej budove Nov\u00e9 Apollo. Do kancel\u00e1rskych priestorov sme dodali 390 m\u00b2 akustick\u00fdch prie\u010dok DEXO, ktor\u00e9 sp\u00e1jaj\u00fa elegantn\u00fd dizajn s maxim\u00e1lnou funk\u010dnos\u0165ou. \"S dizajnom aj akustikou sme spokojn\u00ed.\" - Marek \u0160egeda, \u0161pecialista n\u00e1kupu, EOS Bratislava Purian - dvere, ktor\u00e9 ud\u00e1vaj\u00fa t\u00f3n interi\u00e9ru Dominantou interi\u00e9ru je [...]<\/p>","protected":false},"author":5,"featured_media":5309,"comment_status":"closed","ping_status":"closed","sticky":false,"template":"","format":"standard","meta":{"footnotes":""},"categories":[39],"tags":[],"class_list":["post-5267","post","type-post","status-publish","format-standard","has-post-thumbnail","hentry","category-prosklene-pricky"],"_links":{"self":[{"href":"https:\/\/dexo.cz\/sk\/wp-json\/wp\/v2\/posts\/5267","targetHints":{"allow":["GET"]}}],"collection":[{"href":"https:\/\/dexo.cz\/sk\/wp-json\/wp\/v2\/posts"}],"about":[{"href":"https:\/\/dexo.cz\/sk\/wp-json\/wp\/v2\/types\/post"}],"author":[{"embeddable":true,"href":"https:\/\/dexo.cz\/sk\/wp-json\/wp\/v2\/users\/5"}],"replies":[{"embeddable":true,"href":"https:\/\/dexo.cz\/sk\/wp-json\/wp\/v2\/comments?post=5267"}],"version-history":[{"count":10,"href":"https:\/\/dexo.cz\/sk\/wp-json\/wp\/v2\/posts\/5267\/revisions"}],"predecessor-version":[{"id":6893,"href":"https:\/\/dexo.cz\/sk\/wp-json\/wp\/v2\/posts\/5267\/revisions\/6893"}],"wp:featuredmedia":[{"embeddable":true,"href":"https:\/\/dexo.cz\/sk\/wp-json\/wp\/v2\/media\/5309"}],"wp:attachment":[{"href":"https:\/\/dexo.cz\/sk\/wp-json\/wp\/v2\/media?parent=5267"}],"wp:term":[{"taxonomy":"category","embeddable":true,"href":"https:\/\/dexo.cz\/sk\/wp-json\/wp\/v2\/categories?post=5267"},{"taxonomy":"post_tag","embeddable":true,"href":"https:\/\/dexo.cz\/sk\/wp-json\/wp\/v2\/tags?post=5267"}],"curies":[{"name":"wp","href":"https:\/\/api.w.org\/{rel}","templated":true}]}}