{"id":6298,"date":"2026-01-08T20:20:19","date_gmt":"2026-01-08T20:20:19","guid":{"rendered":"https:\/\/dexo.cz\/?p=6298"},"modified":"2026-01-28T09:18:58","modified_gmt":"2026-01-28T09:18:58","slug":"mame-nove-brozury-presklenych-priecok","status":"publish","type":"post","link":"https:\/\/dexo.cz\/sk\/mame-nove-brozury-presklenych-priecok\/","title":{"rendered":"M\u00e1me nov\u00e9 bro\u017e\u00fary zasklen\u00fdch prie\u010dok"},"content":{"rendered":"<p>S nov\u00fdm rokom sme radi, \u017ee m\u00f4\u017eeme kone\u010dne predstavi\u0165 <strong>Nov\u00e9 katal\u00f3gy sklenen\u00fdch stien DEXO<\/strong>, aby ste sa mohli lep\u0161ie zorientova\u0165 v ponuke a vybra\u0165 si spr\u00e1vne rie\u0161enie pre svoj interi\u00e9r.<\/p>\n<p><img fetchpriority=\"high\" decoding=\"async\" class=\"aligncenter wp-image-6319 size-medium\" src=\"https:\/\/dexo.cz\/wp-content\/uploads\/2026\/01\/Upsala_brozura-300x300.jpeg\" alt=\"\" width=\"300\" height=\"300\" srcset=\"https:\/\/dexo.cz\/wp-content\/uploads\/2026\/01\/Upsala_brozura-300x300.jpeg 300w, https:\/\/dexo.cz\/wp-content\/uploads\/2026\/01\/Upsala_brozura-1024x1024.jpeg 1024w, https:\/\/dexo.cz\/wp-content\/uploads\/2026\/01\/Upsala_brozura-150x150.jpeg 150w, https:\/\/dexo.cz\/wp-content\/uploads\/2026\/01\/Upsala_brozura-768x768.jpeg 768w, https:\/\/dexo.cz\/wp-content\/uploads\/2026\/01\/Upsala_brozura-12x12.jpeg 12w, https:\/\/dexo.cz\/wp-content\/uploads\/2026\/01\/Upsala_brozura.jpeg 1338w\" sizes=\"(max-width: 300px) 100vw, 300px\" \/><\/p>\n<p>V bro\u017e\u00farach n\u00e1jdete <a href=\"https:\/\/dexo.cz\/wp-content\/uploads\/2025\/12\/Presklene-steny-GS-II.pdf\">akustick\u00e9 sklenen\u00e9 steny GS II.<\/a>, a\u00a0<a href=\"https:\/\/dexo.cz\/wp-content\/uploads\/2025\/12\/Presklene-steny-GS-I-1.pdf\">jednoduch\u00e9 presklen\u00e9 prie\u010dky GS I.<\/a> Tu si m\u00f4\u017eete pozrie\u0165 jednotliv\u00e9 varianty syst\u00e9mov a fotografie na\u0161ich realiz\u00e1ci\u00ed, ktor\u00e9 ukazuj\u00fa, ak\u00fd r\u00f4zny charakter m\u00f4\u017ee sklo doda\u0165 interi\u00e9ru.<\/p>\n<figure id=\"attachment_6362\" aria-describedby=\"caption-attachment-6362\" style=\"width: 800px\" class=\"wp-caption aligncenter\"><img decoding=\"async\" class=\"wp-image-6362 size-large\" src=\"https:\/\/dexo.cz\/wp-content\/uploads\/2026\/01\/Navrh-bez-nazvu-25-1024x724.png\" alt=\"\" width=\"800\" height=\"566\" srcset=\"https:\/\/dexo.cz\/wp-content\/uploads\/2026\/01\/Navrh-bez-nazvu-25-1024x724.png 1024w, https:\/\/dexo.cz\/wp-content\/uploads\/2026\/01\/Navrh-bez-nazvu-25-300x212.png 300w, https:\/\/dexo.cz\/wp-content\/uploads\/2026\/01\/Navrh-bez-nazvu-25-768x543.png 768w, https:\/\/dexo.cz\/wp-content\/uploads\/2026\/01\/Navrh-bez-nazvu-25-1536x1086.png 1536w, https:\/\/dexo.cz\/wp-content\/uploads\/2026\/01\/Navrh-bez-nazvu-25-18x12.png 18w, https:\/\/dexo.cz\/wp-content\/uploads\/2026\/01\/Navrh-bez-nazvu-25.png 2000w\" sizes=\"(max-width: 800px) 100vw, 800px\" \/><figcaption id=\"caption-attachment-6362\" class=\"wp-caption-text\">Vn\u00fatorn\u00e9 strany bro\u017e\u00fary<\/figcaption><\/figure>\n<p>D\u00e1vate prednos\u0165 <strong>bezr\u00e1mov\u00e9 prie\u010dky<\/strong>, ktor\u00e9 nechaj\u00fa priestor vo\u013ene d\u00fdcha\u0165, alebo v\u00e1s oslovia <strong>variant priemyseln\u00e9ho r\u00e1mu<\/strong>? Bud\u00fa pre v\u00e1s tou spr\u00e1vnou vo\u013ebou <strong>vidite\u013en\u00e9 profily<\/strong>, alebo naopak, vy <strong>elegantne skryt\u00e9<\/strong>? Nov\u00e9 tla\u010den\u00e9 materi\u00e1ly v\u00e1m u\u013eah\u010dia rozhodovanie.<\/p>\n<p>Ka\u017ed\u00fd dobr\u00fd dizajn sa za\u010d\u00edna pevn\u00fdm z\u00e1kladom. Na\u0161e bro\u017e\u00fary - dom\u010dek z tvrd\u00e9ho kart\u00f3nu na mieru vo farbe n\u00e1\u0161ho loga - ho dostali.<\/p>\n<p><img decoding=\"async\" class=\"alignnone wp-image-6367 size-medium\" src=\"https:\/\/dexo.cz\/wp-content\/uploads\/2026\/01\/619873247_18076220291341183_3405980059808703011_n-240x300.jpg\" alt=\"\" width=\"240\" height=\"300\" srcset=\"https:\/\/dexo.cz\/wp-content\/uploads\/2026\/01\/619873247_18076220291341183_3405980059808703011_n-240x300.jpg 240w, https:\/\/dexo.cz\/wp-content\/uploads\/2026\/01\/619873247_18076220291341183_3405980059808703011_n-819x1024.jpg 819w, https:\/\/dexo.cz\/wp-content\/uploads\/2026\/01\/619873247_18076220291341183_3405980059808703011_n-768x960.jpg 768w, https:\/\/dexo.cz\/wp-content\/uploads\/2026\/01\/619873247_18076220291341183_3405980059808703011_n-1229x1536.jpg 1229w, https:\/\/dexo.cz\/wp-content\/uploads\/2026\/01\/619873247_18076220291341183_3405980059808703011_n-10x12.jpg 10w, https:\/\/dexo.cz\/wp-content\/uploads\/2026\/01\/619873247_18076220291341183_3405980059808703011_n.jpg 1440w\" sizes=\"(max-width: 240px) 100vw, 240px\" \/> <img loading=\"lazy\" decoding=\"async\" class=\"alignnone wp-image-6320 size-medium\" src=\"https:\/\/dexo.cz\/wp-content\/uploads\/2026\/01\/Upsala_detail-e1769435691668-208x300.jpeg\" alt=\"\" width=\"208\" height=\"300\" srcset=\"https:\/\/dexo.cz\/wp-content\/uploads\/2026\/01\/Upsala_detail-e1769435691668-208x300.jpeg 208w, https:\/\/dexo.cz\/wp-content\/uploads\/2026\/01\/Upsala_detail-e1769435691668-708x1024.jpeg 708w, https:\/\/dexo.cz\/wp-content\/uploads\/2026\/01\/Upsala_detail-e1769435691668-768x1110.jpeg 768w, https:\/\/dexo.cz\/wp-content\/uploads\/2026\/01\/Upsala_detail-e1769435691668-1062x1536.jpeg 1062w, https:\/\/dexo.cz\/wp-content\/uploads\/2026\/01\/Upsala_detail-e1769435691668-8x12.jpeg 8w, https:\/\/dexo.cz\/wp-content\/uploads\/2026\/01\/Upsala_detail-e1769435691668.jpeg 1328w\" sizes=\"(max-width: 208px) 100vw, 208px\" \/>\u00a0<img loading=\"lazy\" decoding=\"async\" class=\"alignnone wp-image-6373 size-medium\" src=\"https:\/\/dexo.cz\/wp-content\/uploads\/2026\/01\/619803338_18076220282341183_5271117041517804727_n-1-240x300.jpg\" alt=\"\" width=\"240\" height=\"300\" srcset=\"https:\/\/dexo.cz\/wp-content\/uploads\/2026\/01\/619803338_18076220282341183_5271117041517804727_n-1-240x300.jpg 240w, https:\/\/dexo.cz\/wp-content\/uploads\/2026\/01\/619803338_18076220282341183_5271117041517804727_n-1-819x1024.jpg 819w, https:\/\/dexo.cz\/wp-content\/uploads\/2026\/01\/619803338_18076220282341183_5271117041517804727_n-1-768x960.jpg 768w, https:\/\/dexo.cz\/wp-content\/uploads\/2026\/01\/619803338_18076220282341183_5271117041517804727_n-1-1229x1536.jpg 1229w, https:\/\/dexo.cz\/wp-content\/uploads\/2026\/01\/619803338_18076220282341183_5271117041517804727_n-1-10x12.jpg 10w, https:\/\/dexo.cz\/wp-content\/uploads\/2026\/01\/619803338_18076220282341183_5271117041517804727_n-1.jpg 1440w\" sizes=\"(max-width: 240px) 100vw, 240px\" \/><\/p>\n<p>A nezastav\u00edme sa pri tom. V bud\u00facnosti pripravujeme <strong>\u0161es\u0165 \u010fal\u0161\u00edch katal\u00f3gov<\/strong>. Pozrite sa, na \u010do \u010fal\u0161ie sa m\u00f4\u017eete te\u0161i\u0165:<\/p>\n<p>\u2022 <a href=\"https:\/\/dexo.cz\/sk\/produkt\/mobilne-posuvne-steny\/\">Mobiln\u00e9 posuvn\u00e9 steny<\/a><br \/>\n- Kopilitov\u00e9 dizajnov\u00e9 steny<br \/>\n\u2022 <a href=\"https:\/\/dexo.cz\/sk\/produkty\/dvere\/\">Dvere<\/a><br \/>\n- Dreven\u00e9 prie\u010dky<br \/>\n\u2022 <a href=\"https:\/\/dexo.cz\/sk\/produkt\/vstavby-do-hal-v\/\">Budovy v hal\u00e1ch<\/a><br \/>\n- Akustick\u00e9 prvky<\/p>\n<figure id=\"attachment_6321\" aria-describedby=\"caption-attachment-6321\" style=\"width: 800px\" class=\"wp-caption aligncenter\"><img loading=\"lazy\" decoding=\"async\" class=\"wp-image-6321 size-large\" src=\"https:\/\/dexo.cz\/wp-content\/uploads\/2026\/01\/IMG_7659-e1769115689684-1024x1010.jpeg\" alt=\"\" width=\"800\" height=\"789\" srcset=\"https:\/\/dexo.cz\/wp-content\/uploads\/2026\/01\/IMG_7659-e1769115689684-1024x1010.jpeg 1024w, https:\/\/dexo.cz\/wp-content\/uploads\/2026\/01\/IMG_7659-e1769115689684-300x296.jpeg 300w, https:\/\/dexo.cz\/wp-content\/uploads\/2026\/01\/IMG_7659-e1769115689684-768x757.jpeg 768w, https:\/\/dexo.cz\/wp-content\/uploads\/2026\/01\/IMG_7659-e1769115689684-12x12.jpeg 12w, https:\/\/dexo.cz\/wp-content\/uploads\/2026\/01\/IMG_7659-e1769115689684.jpeg 1440w\" sizes=\"(max-width: 800px) 100vw, 800px\" \/><figcaption id=\"caption-attachment-6321\" class=\"wp-caption-text\">\u010eal\u0161ie pripravovan\u00e9 bro\u017e\u00fary<\/figcaption><\/figure>","protected":false},"excerpt":{"rendered":"<p>S\u00a0nov\u00fdm rokem v\u00e1m s\u00a0radost\u00ed kone\u010dn\u011b p\u0159edstavujeme nov\u00e9 katalogy prosklen\u00fdch st\u011bn DEXO, kter\u00e9 v\u00e1m pomohou l\u00e9pe se zorientovat v nab\u00eddce a vybrat \u0159e\u0161en\u00ed p\u0159esn\u011b pro v\u00e1\u0161 interi\u00e9r. V\u00a0bro\u017eur\u00e1ch najdete jak akustick\u00e9 prosklen\u00e9 st\u011bny GS II., tak i\u00a0jednoduch\u00e9 prosklen\u00e9 p\u0159\u00ed\u010dky GS I. P\u0159ehledn\u011b zde uvid\u00edte jednotliv\u00e9 varianty syst\u00e9m\u016f i\u00a0fotografie na\u0161ich realizac\u00ed, kter\u00e9 ukazuj\u00ed, jak rozd\u00edln\u00fd charakter m\u016f\u017ee [&hellip;]<\/p>","protected":false},"author":5,"featured_media":6347,"comment_status":"closed","ping_status":"closed","sticky":false,"template":"","format":"standard","meta":{"footnotes":""},"categories":[39],"tags":[],"class_list":["post-6298","post","type-post","status-publish","format-standard","has-post-thumbnail","hentry","category-prosklene-pricky"],"_links":{"self":[{"href":"https:\/\/dexo.cz\/sk\/wp-json\/wp\/v2\/posts\/6298","targetHints":{"allow":["GET"]}}],"collection":[{"href":"https:\/\/dexo.cz\/sk\/wp-json\/wp\/v2\/posts"}],"about":[{"href":"https:\/\/dexo.cz\/sk\/wp-json\/wp\/v2\/types\/post"}],"author":[{"embeddable":true,"href":"https:\/\/dexo.cz\/sk\/wp-json\/wp\/v2\/users\/5"}],"replies":[{"embeddable":true,"href":"https:\/\/dexo.cz\/sk\/wp-json\/wp\/v2\/comments?post=6298"}],"version-history":[{"count":10,"href":"https:\/\/dexo.cz\/sk\/wp-json\/wp\/v2\/posts\/6298\/revisions"}],"predecessor-version":[{"id":6371,"href":"https:\/\/dexo.cz\/sk\/wp-json\/wp\/v2\/posts\/6298\/revisions\/6371"}],"wp:featuredmedia":[{"embeddable":true,"href":"https:\/\/dexo.cz\/sk\/wp-json\/wp\/v2\/media\/6347"}],"wp:attachment":[{"href":"https:\/\/dexo.cz\/sk\/wp-json\/wp\/v2\/media?parent=6298"}],"wp:term":[{"taxonomy":"category","embeddable":true,"href":"https:\/\/dexo.cz\/sk\/wp-json\/wp\/v2\/categories?post=6298"},{"taxonomy":"post_tag","embeddable":true,"href":"https:\/\/dexo.cz\/sk\/wp-json\/wp\/v2\/tags?post=6298"}],"curies":[{"name":"wp","href":"https:\/\/api.w.org\/{rel}","templated":true}]}}