{"id":6448,"date":"2026-02-12T10:00:54","date_gmt":"2026-02-12T10:00:54","guid":{"rendered":"https:\/\/dexo.cz\/?p=6448"},"modified":"2026-02-12T19:32:20","modified_gmt":"2026-02-12T19:32:20","slug":"kancelaria-ako-mesto","status":"publish","type":"post","link":"https:\/\/dexo.cz\/sk\/kancelaria-ako-mesto\/","title":{"rendered":"Kancel\u00e1rie ako mesto"},"content":{"rendered":"<p>Projekt <a href=\"https:\/\/dexo.cz\/sk\/referencie\/abugo\/\">Abugo<\/a> v Brne patr\u00ed medzi v\u00fdnimo\u010dn\u00e9 interi\u00e9ry, ktor\u00e9 pos\u00favaj\u00fa hranice modern\u00e9ho pracovn\u00e9ho prostredia. Tento jedine\u010dn\u00fd priestor z\u00edskal medzin\u00e1rodn\u00e9 ocenenie BIG SEE Award a a\u0161piruje na \u010fal\u0161ie ocenenia. Miesto sa stalo nov\u00fdm domovom \u0161tyroch technologick\u00fdch spolo\u010dnost\u00ed - Shopsys, Reservio, Smartsup a Survio - ktor\u00e9 sa rozhodli s\u00fastredi\u0165 pod jednu strechu.<\/p>\n<figure id=\"attachment_6328\" aria-describedby=\"caption-attachment-6328\" style=\"width: 800px\" class=\"wp-caption aligncenter\"><img fetchpriority=\"high\" decoding=\"async\" class=\"wp-image-6328 size-large\" src=\"https:\/\/dexo.cz\/wp-content\/uploads\/2026\/01\/abugo-031-web-1024x683.jpg\" alt=\"\" width=\"800\" height=\"534\" srcset=\"https:\/\/dexo.cz\/wp-content\/uploads\/2026\/01\/abugo-031-web-1024x683.jpg 1024w, https:\/\/dexo.cz\/wp-content\/uploads\/2026\/01\/abugo-031-web-300x200.jpg 300w, https:\/\/dexo.cz\/wp-content\/uploads\/2026\/01\/abugo-031-web-768x512.jpg 768w, https:\/\/dexo.cz\/wp-content\/uploads\/2026\/01\/abugo-031-web-1536x1024.jpg 1536w, https:\/\/dexo.cz\/wp-content\/uploads\/2026\/01\/abugo-031-web-18x12.jpg 18w, https:\/\/dexo.cz\/wp-content\/uploads\/2026\/01\/abugo-031-web.jpg 1920w\" sizes=\"(max-width: 800px) 100vw, 800px\" \/><figcaption id=\"caption-attachment-6328\" class=\"wp-caption-text\">Dizajn priestoru na pr\u00e1cu a stretnutia<\/figcaption><\/figure>\n<h3>Po\u010fme na prech\u00e1dzku<\/h3>\n<p>Cel\u00fd interi\u00e9r je navrhnut\u00fd ako mesto v malom.<\/p>\n<h5><\/h5>\n<h5>\u201eNamiesto klasick\u00fdch koridorov m\u00e1me \u201ebulv\u00e1r\u201c. Uprostred je \u201en\u00e1mestie\u201c ako variabiln\u00fd coworkingov\u00fd priestor, miesto na pr\u00e1cu, zdie\u013eanie a spont\u00e1nne stretnutia. Zasada\u010dky s\u00fa ako mestsk\u00e9 podniky s vlastnou atmosf\u00e9rou a identitou, in\u0161pirovan\u00e9 svetom na\u0161ich z\u00e1kazn\u00edkov,\u201c hovor\u00ed Petr Svoboda, gener\u00e1lny riadite\u013e skupiny Abugo<\/h5>\n<p>N\u00e1jdete tu gal\u00e9riu, wellness, kozmetick\u00fd sal\u00f3n, zvukov\u00e9 \u0161t\u00fadio alebo dokonca kabaret s pouli\u010dn\u00fdmi p\u00fata\u010dmi, ktor\u00e9 dod\u00e1vaj\u00fa priestoru nezamenite\u013en\u00fd charakter.<\/p>\n<figure id=\"attachment_6237\" aria-describedby=\"caption-attachment-6237\" style=\"width: 800px\" class=\"wp-caption aligncenter\"><img decoding=\"async\" class=\"wp-image-6237 size-large\" src=\"https:\/\/dexo.cz\/wp-content\/uploads\/2026\/01\/Abugo-2-e1770889840967-1024x535.jpg\" alt=\"\" width=\"800\" height=\"418\" srcset=\"https:\/\/dexo.cz\/wp-content\/uploads\/2026\/01\/Abugo-2-e1770889840967-1024x535.jpg 1024w, https:\/\/dexo.cz\/wp-content\/uploads\/2026\/01\/Abugo-2-e1770889840967-300x157.jpg 300w, https:\/\/dexo.cz\/wp-content\/uploads\/2026\/01\/Abugo-2-e1770889840967-768x401.jpg 768w, https:\/\/dexo.cz\/wp-content\/uploads\/2026\/01\/Abugo-2-e1770889840967-1536x803.jpg 1536w, https:\/\/dexo.cz\/wp-content\/uploads\/2026\/01\/Abugo-2-e1770889840967-18x9.jpg 18w, https:\/\/dexo.cz\/wp-content\/uploads\/2026\/01\/Abugo-2-e1770889840967.jpg 1603w\" sizes=\"(max-width: 800px) 100vw, 800px\" \/><figcaption id=\"caption-attachment-6237\" class=\"wp-caption-text\">Ktor\u00fd podnik si vyberiete ako prv\u00fd?<\/figcaption><\/figure>\n<figure id=\"attachment_6249\" aria-describedby=\"caption-attachment-6249\" style=\"width: 800px\" class=\"wp-caption aligncenter\"><img decoding=\"async\" class=\"wp-image-6249 size-large\" src=\"https:\/\/dexo.cz\/wp-content\/uploads\/2026\/01\/Abugo-2-1-1024x683.jpg\" alt=\"\" width=\"800\" height=\"534\" srcset=\"https:\/\/dexo.cz\/wp-content\/uploads\/2026\/01\/Abugo-2-1-1024x683.jpg 1024w, https:\/\/dexo.cz\/wp-content\/uploads\/2026\/01\/Abugo-2-1-300x200.jpg 300w, https:\/\/dexo.cz\/wp-content\/uploads\/2026\/01\/Abugo-2-1-768x512.jpg 768w, https:\/\/dexo.cz\/wp-content\/uploads\/2026\/01\/Abugo-2-1-1536x1024.jpg 1536w, https:\/\/dexo.cz\/wp-content\/uploads\/2026\/01\/Abugo-2-1-18x12.jpg 18w, https:\/\/dexo.cz\/wp-content\/uploads\/2026\/01\/Abugo-2-1.jpg 1920w\" sizes=\"(max-width: 800px) 100vw, 800px\" \/><figcaption id=\"caption-attachment-6249\" class=\"wp-caption-text\">Sal\u00f3n kr\u00e1sy<\/figcaption><\/figure>\n<figure id=\"attachment_6251\" aria-describedby=\"caption-attachment-6251\" style=\"width: 800px\" class=\"wp-caption aligncenter\"><img loading=\"lazy\" decoding=\"async\" class=\"wp-image-6251 size-large\" src=\"https:\/\/dexo.cz\/wp-content\/uploads\/2026\/01\/Abugo-5-1-1024x683.jpg\" alt=\"\" width=\"800\" height=\"534\" srcset=\"https:\/\/dexo.cz\/wp-content\/uploads\/2026\/01\/Abugo-5-1-1024x683.jpg 1024w, https:\/\/dexo.cz\/wp-content\/uploads\/2026\/01\/Abugo-5-1-300x200.jpg 300w, https:\/\/dexo.cz\/wp-content\/uploads\/2026\/01\/Abugo-5-1-768x512.jpg 768w, https:\/\/dexo.cz\/wp-content\/uploads\/2026\/01\/Abugo-5-1-1536x1024.jpg 1536w, https:\/\/dexo.cz\/wp-content\/uploads\/2026\/01\/Abugo-5-1-18x12.jpg 18w, https:\/\/dexo.cz\/wp-content\/uploads\/2026\/01\/Abugo-5-1.jpg 1920w\" sizes=\"(max-width: 800px) 100vw, 800px\" \/><figcaption id=\"caption-attachment-6251\" class=\"wp-caption-text\">Zvukov\u00e9 \u0161t\u00fadio<\/figcaption><\/figure>\n<figure id=\"attachment_6250\" aria-describedby=\"caption-attachment-6250\" style=\"width: 800px\" class=\"wp-caption aligncenter\"><img loading=\"lazy\" decoding=\"async\" class=\"wp-image-6250 size-large\" src=\"https:\/\/dexo.cz\/wp-content\/uploads\/2026\/01\/Abugo-3-1-1024x683.jpg\" alt=\"\" width=\"800\" height=\"534\" srcset=\"https:\/\/dexo.cz\/wp-content\/uploads\/2026\/01\/Abugo-3-1-1024x683.jpg 1024w, https:\/\/dexo.cz\/wp-content\/uploads\/2026\/01\/Abugo-3-1-300x200.jpg 300w, https:\/\/dexo.cz\/wp-content\/uploads\/2026\/01\/Abugo-3-1-768x512.jpg 768w, https:\/\/dexo.cz\/wp-content\/uploads\/2026\/01\/Abugo-3-1-1536x1024.jpg 1536w, https:\/\/dexo.cz\/wp-content\/uploads\/2026\/01\/Abugo-3-1-18x12.jpg 18w, https:\/\/dexo.cz\/wp-content\/uploads\/2026\/01\/Abugo-3-1.jpg 1920w\" sizes=\"(max-width: 800px) 100vw, 800px\" \/><figcaption id=\"caption-attachment-6250\" class=\"wp-caption-text\">Kabaret up\u00fata pozornos\u0165 ka\u017ed\u00e9ho okoloid\u00faceho<\/figcaption><\/figure>\n<h3>Sklenen\u00e9 prie\u010dky a dreven\u00e9 dvere: transparentnos\u0165, svetlo a dizajn<\/h3>\n<p>Zasada\u010dky s\u00fa oddelen\u00e9 na\u0161ou <a href=\"https:\/\/dexo.cz\/sk\/produkty\/gs-i\/\">sklenen\u00e9 prie\u010dky<\/a>, ktor\u00e9 umo\u017e\u0148uj\u00fa zachova\u0165 otvorenos\u0165 priestoru a z\u00e1rove\u0148 poskytuj\u00fa potrebn\u00e9 s\u00fakromie. V\u010faka transparentn\u00e9mu rie\u0161eniu je mo\u017en\u00e9 obdivova\u0165 kreat\u00edvny interi\u00e9r zvonku a podpori\u0165 pocit prepojenia medzi jednotliv\u00fdmi z\u00f3nami.<\/p>\n<p><img loading=\"lazy\" decoding=\"async\" class=\"aligncenter wp-image-6241 size-large\" src=\"https:\/\/dexo.cz\/wp-content\/uploads\/2026\/01\/Abugo-6-1024x683.jpg\" alt=\"\" width=\"800\" height=\"534\" srcset=\"https:\/\/dexo.cz\/wp-content\/uploads\/2026\/01\/Abugo-6-1024x683.jpg 1024w, https:\/\/dexo.cz\/wp-content\/uploads\/2026\/01\/Abugo-6-300x200.jpg 300w, https:\/\/dexo.cz\/wp-content\/uploads\/2026\/01\/Abugo-6-768x512.jpg 768w, https:\/\/dexo.cz\/wp-content\/uploads\/2026\/01\/Abugo-6-1536x1024.jpg 1536w, https:\/\/dexo.cz\/wp-content\/uploads\/2026\/01\/Abugo-6-18x12.jpg 18w, https:\/\/dexo.cz\/wp-content\/uploads\/2026\/01\/Abugo-6.jpg 1920w\" sizes=\"(max-width: 800px) 100vw, 800px\" \/><br \/>\nCharakteristick\u00fdm dizajnov\u00fdm prvkom je aj n\u00e1\u0161 <a href=\"https:\/\/dexo.cz\/sk\/produkty\/drevene-plne\/\">dreven\u00e9 dvere<\/a> v sivob\u00e9\u017eovom odtieni s jemn\u00fdm perle\u0165ov\u00fdm n\u00e1dychom. K dispoz\u00edcii s\u00fa aj jedine\u010dn\u00e9 dvere v tehlovej farbe, ktor\u00e9 prirodzene ladia s industri\u00e1lnymi prvkami, ako s\u00fa odhalen\u00e9 stropy, a zd\u00f4raz\u0148uj\u00fa teplo a eleganciu.<\/p>\n<figure id=\"attachment_6327\" aria-describedby=\"caption-attachment-6327\" style=\"width: 800px\" class=\"wp-caption aligncenter\"><img loading=\"lazy\" decoding=\"async\" class=\"wp-image-6327 size-large\" src=\"https:\/\/dexo.cz\/wp-content\/uploads\/2026\/01\/abugo-012-web-1024x683.jpg\" alt=\"\" width=\"800\" height=\"534\" srcset=\"https:\/\/dexo.cz\/wp-content\/uploads\/2026\/01\/abugo-012-web-1024x683.jpg 1024w, https:\/\/dexo.cz\/wp-content\/uploads\/2026\/01\/abugo-012-web-300x200.jpg 300w, https:\/\/dexo.cz\/wp-content\/uploads\/2026\/01\/abugo-012-web-768x512.jpg 768w, https:\/\/dexo.cz\/wp-content\/uploads\/2026\/01\/abugo-012-web-1536x1024.jpg 1536w, https:\/\/dexo.cz\/wp-content\/uploads\/2026\/01\/abugo-012-web-18x12.jpg 18w, https:\/\/dexo.cz\/wp-content\/uploads\/2026\/01\/abugo-012-web.jpg 1920w\" sizes=\"(max-width: 800px) 100vw, 800px\" \/><figcaption id=\"caption-attachment-6327\" class=\"wp-caption-text\">Tehlov\u00e9 dvere a relaxa\u010dn\u00e1 z\u00f3na<\/figcaption><\/figure>\n<h3>Detaily, ktor\u00e9 vytv\u00e1raj\u00fa atmosf\u00e9ru<\/h3>\n<p>Jedine\u010dn\u00fd charakter interi\u00e9ru Abugo vytv\u00e1raj\u00fa premyslen\u00e9 prvky, ktor\u00e9 dod\u00e1vaj\u00fa priestoru osobitos\u0165 a em\u00f3cie. \u0160trukt\u00farovan\u00e1 sklenen\u00e1 stena Raywall citlivo odde\u013euje oddychov\u00fa z\u00f3nu od futbalovej a ob\u010derstvovacej z\u00f3ny bez toho, aby naru\u0161ila otvorenos\u0165 cel\u00e9ho konceptu. Sklenen\u00e9 prie\u010dky v kombin\u00e1cii so sklenen\u00fdm barom pod\u010diarkuj\u00fa vzdu\u0161nos\u0165 a prepojenos\u0165 jednotliv\u00fdch \u010dast\u00ed kancel\u00e1rie.<\/p>\n<figure id=\"attachment_6325\" aria-describedby=\"caption-attachment-6325\" style=\"width: 800px\" class=\"wp-caption aligncenter\"><img loading=\"lazy\" decoding=\"async\" class=\"wp-image-6325 size-large\" src=\"https:\/\/dexo.cz\/wp-content\/uploads\/2026\/01\/abugo-009-Edit-web-e1770890355129-1024x581.jpg\" alt=\"\" width=\"800\" height=\"454\" srcset=\"https:\/\/dexo.cz\/wp-content\/uploads\/2026\/01\/abugo-009-Edit-web-e1770890355129-1024x581.jpg 1024w, https:\/\/dexo.cz\/wp-content\/uploads\/2026\/01\/abugo-009-Edit-web-e1770890355129-300x170.jpg 300w, https:\/\/dexo.cz\/wp-content\/uploads\/2026\/01\/abugo-009-Edit-web-e1770890355129-768x436.jpg 768w, https:\/\/dexo.cz\/wp-content\/uploads\/2026\/01\/abugo-009-Edit-web-e1770890355129-1536x871.jpg 1536w, https:\/\/dexo.cz\/wp-content\/uploads\/2026\/01\/abugo-009-Edit-web-e1770890355129-18x10.jpg 18w, https:\/\/dexo.cz\/wp-content\/uploads\/2026\/01\/abugo-009-Edit-web-e1770890355129.jpg 1805w\" sizes=\"(max-width: 800px) 100vw, 800px\" \/><figcaption id=\"caption-attachment-6325\" class=\"wp-caption-text\">\u0160trukt\u00farovan\u00e1 stena Raywall<\/figcaption><\/figure>\n<figure id=\"attachment_6265\" aria-describedby=\"caption-attachment-6265\" style=\"width: 800px\" class=\"wp-caption aligncenter\"><img loading=\"lazy\" decoding=\"async\" class=\"wp-image-6265 size-large\" src=\"https:\/\/dexo.cz\/wp-content\/uploads\/2026\/01\/abugo-127-web-1024x683.jpg\" alt=\"\" width=\"800\" height=\"534\" srcset=\"https:\/\/dexo.cz\/wp-content\/uploads\/2026\/01\/abugo-127-web-1024x683.jpg 1024w, https:\/\/dexo.cz\/wp-content\/uploads\/2026\/01\/abugo-127-web-300x200.jpg 300w, https:\/\/dexo.cz\/wp-content\/uploads\/2026\/01\/abugo-127-web-768x512.jpg 768w, https:\/\/dexo.cz\/wp-content\/uploads\/2026\/01\/abugo-127-web-1536x1024.jpg 1536w, https:\/\/dexo.cz\/wp-content\/uploads\/2026\/01\/abugo-127-web-18x12.jpg 18w, https:\/\/dexo.cz\/wp-content\/uploads\/2026\/01\/abugo-127-web.jpg 1920w\" sizes=\"(max-width: 800px) 100vw, 800px\" \/><figcaption id=\"caption-attachment-6265\" class=\"wp-caption-text\">P\u00f4sobiv\u00fd sklenen\u00fd bar a sklenen\u00e1 \u201egal\u00e9ria\u201c<\/figcaption><\/figure>\n<p>Potrebn\u00e9 s\u00fakromie zabezpe\u010duj\u00fa pastelov\u00e9 z\u00e1vesy, ktor\u00e9 vn\u00e1\u0161aj\u00fa do interi\u00e9ru jemnos\u0165 a vizu\u00e1lny pokoj. V\u0161imnite si ich origin\u00e1lne umiestnenie, pokojne uprostred miestnosti.<\/p>\n<figure id=\"attachment_6332\" aria-describedby=\"caption-attachment-6332\" style=\"width: 800px\" class=\"wp-caption aligncenter\"><img loading=\"lazy\" decoding=\"async\" class=\"wp-image-6332 size-large\" src=\"https:\/\/dexo.cz\/wp-content\/uploads\/2026\/01\/DSC_2404-web-1024x683.jpg\" alt=\"\" width=\"800\" height=\"534\" srcset=\"https:\/\/dexo.cz\/wp-content\/uploads\/2026\/01\/DSC_2404-web-1024x683.jpg 1024w, https:\/\/dexo.cz\/wp-content\/uploads\/2026\/01\/DSC_2404-web-300x200.jpg 300w, https:\/\/dexo.cz\/wp-content\/uploads\/2026\/01\/DSC_2404-web-768x512.jpg 768w, https:\/\/dexo.cz\/wp-content\/uploads\/2026\/01\/DSC_2404-web-1536x1024.jpg 1536w, https:\/\/dexo.cz\/wp-content\/uploads\/2026\/01\/DSC_2404-web-18x12.jpg 18w, https:\/\/dexo.cz\/wp-content\/uploads\/2026\/01\/DSC_2404-web.jpg 1920w\" sizes=\"(max-width: 800px) 100vw, 800px\" \/><figcaption id=\"caption-attachment-6332\" class=\"wp-caption-text\">Pastelov\u00e9 z\u00e1clony<\/figcaption><\/figure>\n<p>V\u00fdsledkom je interi\u00e9r, v ktorom je dizajn, funk\u010dnos\u0165 a predov\u0161etk\u00fdm atmosf\u00e9ra, v ktorej je rados\u0165 pracova\u0165, stret\u00e1va\u0165 sa a relaxova\u0165.<\/p>\n<h6>1 054 m\u00b2 | n\u00e1vrh: Andrea Pastrnek | ved\u00faci projektu: Honza Kulig | sklenen\u00e9 prie\u010dky a dreven\u00e9 dvere: DEXO | foto: Mgr: Petr Hrube\u0161 (@hary_marwell)<\/h6>","protected":false},"excerpt":{"rendered":"<p>Projekt Abugo v\u00a0Brn\u011b pat\u0159\u00ed mezi v\u00fdjime\u010dn\u00e9 interi\u00e9ry, kter\u00e9 posouvaj\u00ed hranice modern\u00edho pracovn\u00edho prost\u0159ed\u00ed. Tento unik\u00e1tn\u00ed prostor z\u00edskal mezin\u00e1rodn\u00ed ocen\u011bn\u00ed BIG SEE Award a\u00a0aspiruje na\u00a0dal\u0161\u00ed ocen\u011bn\u00ed. M\u00edsto se\u00a0stalo nov\u00fdm domovem pro \u010dty\u0159i technologick\u00e9 spole\u010dnosti \u2014 Shopsys, Reservio, Smartsup a\u00a0Survio, kter\u00e9 se\u00a0rozhodly centralizovat pod jednu st\u0159echu. Poj\u010fme se\u00a0proj\u00edt Cel\u00fd interi\u00e9r je koncipov\u00e1n jako m\u011bsto v mal\u00e9m. \u201eM\u00edsto [&hellip;]<\/p>","protected":false},"author":5,"featured_media":6259,"comment_status":"closed","ping_status":"closed","sticky":false,"template":"","format":"standard","meta":{"footnotes":""},"categories":[39],"tags":[],"class_list":["post-6448","post","type-post","status-publish","format-standard","has-post-thumbnail","hentry","category-prosklene-pricky"],"_links":{"self":[{"href":"https:\/\/dexo.cz\/sk\/wp-json\/wp\/v2\/posts\/6448","targetHints":{"allow":["GET"]}}],"collection":[{"href":"https:\/\/dexo.cz\/sk\/wp-json\/wp\/v2\/posts"}],"about":[{"href":"https:\/\/dexo.cz\/sk\/wp-json\/wp\/v2\/types\/post"}],"author":[{"embeddable":true,"href":"https:\/\/dexo.cz\/sk\/wp-json\/wp\/v2\/users\/5"}],"replies":[{"embeddable":true,"href":"https:\/\/dexo.cz\/sk\/wp-json\/wp\/v2\/comments?post=6448"}],"version-history":[{"count":9,"href":"https:\/\/dexo.cz\/sk\/wp-json\/wp\/v2\/posts\/6448\/revisions"}],"predecessor-version":[{"id":6520,"href":"https:\/\/dexo.cz\/sk\/wp-json\/wp\/v2\/posts\/6448\/revisions\/6520"}],"wp:featuredmedia":[{"embeddable":true,"href":"https:\/\/dexo.cz\/sk\/wp-json\/wp\/v2\/media\/6259"}],"wp:attachment":[{"href":"https:\/\/dexo.cz\/sk\/wp-json\/wp\/v2\/media?parent=6448"}],"wp:term":[{"taxonomy":"category","embeddable":true,"href":"https:\/\/dexo.cz\/sk\/wp-json\/wp\/v2\/categories?post=6448"},{"taxonomy":"post_tag","embeddable":true,"href":"https:\/\/dexo.cz\/sk\/wp-json\/wp\/v2\/tags?post=6448"}],"curies":[{"name":"wp","href":"https:\/\/api.w.org\/{rel}","templated":true}]}}