{"id":6874,"date":"2026-04-16T11:22:20","date_gmt":"2026-04-16T11:22:20","guid":{"rendered":"https:\/\/dexo.cz\/?p=6874"},"modified":"2026-04-16T12:21:21","modified_gmt":"2026-04-16T12:21:21","slug":"modernym-kancelariam-dominuju-zaoblene-steny","status":"publish","type":"post","link":"https:\/\/dexo.cz\/sk\/modernym-kancelariam-dominuju-zaoblene-steny\/","title":{"rendered":"Zaoblen\u00e9 steny: dominantn\u00fd prvok modern\u00fdch kancel\u00e1ri\u00ed"},"content":{"rendered":"<p>Modern\u00e9 kancel\u00e1rie u\u017e nie s\u00fa len stoly, stoli\u010dky a oddelen\u00e9 miestnosti. Dne\u0161n\u00e9 pracovn\u00e9 prostredie m\u00e1 in\u0161pirova\u0165, podporova\u0165 spolupr\u00e1cu a vytv\u00e1ra\u0165 pr\u00edjemn\u00fa atmosf\u00e9ru. Preto s\u00fa sklenen\u00e9 steny \u010doraz ob\u013e\u00fabenej\u0161\u00edm rie\u0161en\u00edm v kancel\u00e1rskych a obchodn\u00fdch interi\u00e9roch. <a href=\"https:\/\/dexo.cz\/sk\/produkty\/gs-ii-zaoblene\/\">Zaoblen\u00fd variant prie\u010dok<\/a> DEXU vn\u00edma ako skuto\u010dn\u00fd dizajnov\u00fd skvost, ktor\u00fd dok\u00e1\u017ee premeni\u0165 priestor na elegantn\u00e9, reprezentat\u00edvne a funk\u010dn\u00e9 miesto.<\/p>\n<figure id=\"attachment_6838\" aria-describedby=\"caption-attachment-6838\" style=\"width: 800px\" class=\"wp-caption aligncenter\"><img fetchpriority=\"high\" decoding=\"async\" class=\"wp-image-6838 size-large\" src=\"https:\/\/dexo.cz\/wp-content\/uploads\/2026\/04\/Itixo-55-Edit-web2-1024x682.jpg\" alt=\"\" width=\"800\" height=\"533\" srcset=\"https:\/\/dexo.cz\/wp-content\/uploads\/2026\/04\/Itixo-55-Edit-web2-1024x682.jpg 1024w, https:\/\/dexo.cz\/wp-content\/uploads\/2026\/04\/Itixo-55-Edit-web2-300x200.jpg 300w, https:\/\/dexo.cz\/wp-content\/uploads\/2026\/04\/Itixo-55-Edit-web2-768x512.jpg 768w, https:\/\/dexo.cz\/wp-content\/uploads\/2026\/04\/Itixo-55-Edit-web2-1536x1024.jpg 1536w, https:\/\/dexo.cz\/wp-content\/uploads\/2026\/04\/Itixo-55-Edit-web2-18x12.jpg 18w, https:\/\/dexo.cz\/wp-content\/uploads\/2026\/04\/Itixo-55-Edit-web2.jpg 2000w\" sizes=\"(max-width: 800px) 100vw, 800px\" \/><figcaption id=\"caption-attachment-6838\" class=\"wp-caption-text\">ITIXO, Ostrava, zakriven\u00e1 stena s lamelov\u00fdmi panelmi<\/figcaption><\/figure>\n<h3>Pre\u010do si vybra\u0165 zaoblen\u00e9 steny?<\/h3>\n<p>Na rozdiel od tradi\u010dn\u00fdch rovn\u00fdch prie\u010dok p\u00f4sobia zakriven\u00e9 steny m\u00e4k\u0161ie a opticky od\u013eah\u010duj\u00fa priestor. Do interi\u00e9ru vn\u00e1\u0161aj\u00fa dynamiku a originalitu a p\u00f4sobia harmonick\u00fdm dojmom.<\/p>\n<p><img decoding=\"async\" class=\"aligncenter wp-image-6815 size-large\" src=\"https:\/\/dexo.cz\/wp-content\/uploads\/2026\/04\/Itixo-13-web-1024x682.jpg\" alt=\"\" width=\"800\" height=\"533\" srcset=\"https:\/\/dexo.cz\/wp-content\/uploads\/2026\/04\/Itixo-13-web-1024x682.jpg 1024w, https:\/\/dexo.cz\/wp-content\/uploads\/2026\/04\/Itixo-13-web-300x200.jpg 300w, https:\/\/dexo.cz\/wp-content\/uploads\/2026\/04\/Itixo-13-web-768x512.jpg 768w, https:\/\/dexo.cz\/wp-content\/uploads\/2026\/04\/Itixo-13-web-1536x1024.jpg 1536w, https:\/\/dexo.cz\/wp-content\/uploads\/2026\/04\/Itixo-13-web-18x12.jpg 18w, https:\/\/dexo.cz\/wp-content\/uploads\/2026\/04\/Itixo-13-web.jpg 2000w\" sizes=\"(max-width: 800px) 100vw, 800px\" \/><\/p>\n<h3>Dva varianty dizajnu<\/h3>\n<h5><a href=\"https:\/\/dexo.cz\/sk\/produkty\/gs-i-zaoblene\/\">1. Jednoduch\u00e9 sklo<\/a><\/h5>\n<p>Elegantn\u00e9 a \u010dist\u00e9 rie\u0161enie, ktor\u00e9 prep\u00fa\u0161\u0165a maximum svetla a zachov\u00e1va vzdu\u0161nos\u0165 interi\u00e9ru. Ide\u00e1lne tam, kde je prioritou otvorenos\u0165 a modern\u00fd vzh\u013ead.<\/p>\n<figure id=\"attachment_6883\" aria-describedby=\"caption-attachment-6883\" style=\"width: 800px\" class=\"wp-caption aligncenter\"><img decoding=\"async\" class=\"wp-image-6883 size-large\" src=\"https:\/\/dexo.cz\/wp-content\/uploads\/2026\/04\/20230125_085648-01-copy-1024x768.jpg\" alt=\"\" width=\"800\" height=\"600\" srcset=\"https:\/\/dexo.cz\/wp-content\/uploads\/2026\/04\/20230125_085648-01-copy-1024x768.jpg 1024w, https:\/\/dexo.cz\/wp-content\/uploads\/2026\/04\/20230125_085648-01-copy-300x225.jpg 300w, https:\/\/dexo.cz\/wp-content\/uploads\/2026\/04\/20230125_085648-01-copy-768x576.jpg 768w, https:\/\/dexo.cz\/wp-content\/uploads\/2026\/04\/20230125_085648-01-copy-1536x1152.jpg 1536w, https:\/\/dexo.cz\/wp-content\/uploads\/2026\/04\/20230125_085648-01-copy-2048x1536.jpg 2048w, https:\/\/dexo.cz\/wp-content\/uploads\/2026\/04\/20230125_085648-01-copy-16x12.jpg 16w\" sizes=\"(max-width: 800px) 100vw, 800px\" \/><figcaption id=\"caption-attachment-6883\" class=\"wp-caption-text\">Jednoduch\u00e1 zaoblen\u00e1 stena<\/figcaption><\/figure>\n<h5><a href=\"https:\/\/dexo.cz\/sk\/produkty\/gs-ii-zaoblene\/\">2. Akustick\u00e9 dvojit\u00e9 zasklenie<\/a><\/h5>\n<p>Dizajn v kombin\u00e1cii so zv\u00fd\u0161en\u00fdm akustick\u00fdm komfortom. Skvel\u00e1 vo\u013eba pre zasadacie miestnosti, kancel\u00e1rie ved\u00facich pracovn\u00edkov alebo priestory, kde je potrebn\u00e9 s\u00fakromie a zn\u00ed\u017eenie hluku.<\/p>\n<figure id=\"attachment_5533\" aria-describedby=\"caption-attachment-5533\" style=\"width: 800px\" class=\"wp-caption aligncenter\"><img loading=\"lazy\" decoding=\"async\" class=\"wp-image-5533 size-large\" src=\"https:\/\/dexo.cz\/wp-content\/uploads\/2025\/10\/CMS-avokati_2-1024x683.jpg\" alt=\"\" width=\"800\" height=\"534\" srcset=\"https:\/\/dexo.cz\/wp-content\/uploads\/2025\/10\/CMS-avokati_2-1024x683.jpg 1024w, https:\/\/dexo.cz\/wp-content\/uploads\/2025\/10\/CMS-avokati_2-300x200.jpg 300w, https:\/\/dexo.cz\/wp-content\/uploads\/2025\/10\/CMS-avokati_2-768x512.jpg 768w, https:\/\/dexo.cz\/wp-content\/uploads\/2025\/10\/CMS-avokati_2-1536x1024.jpg 1536w, https:\/\/dexo.cz\/wp-content\/uploads\/2025\/10\/CMS-avokati_2-18x12.jpg 18w, https:\/\/dexo.cz\/wp-content\/uploads\/2025\/10\/CMS-avokati_2.jpg 1920w\" sizes=\"(max-width: 800px) 100vw, 800px\" \/><figcaption id=\"caption-attachment-5533\" class=\"wp-caption-text\">Akustick\u00e1 stena z dvojit\u00e9ho zasklenia<\/figcaption><\/figure>\n<h3>Odkazy, ktor\u00e9 in\u0161piruj\u00fa<\/h3>\n<h5>Notino, Brno<\/h5>\n<p>Jedna z na\u0161ich charakteristick\u00fdch realiz\u00e1ci\u00ed bola vytvoren\u00e1 pre <a href=\"https:\/\/dexo.cz\/sk\/referencie\/notino\/\">Notino<\/a> v Brne. Tento projekt z\u00edskal ocenenie Kancel\u00e1ria roka - a to opr\u00e1vnene. Zaoblen\u00e9 steny dop\u013a\u0148aj\u00fa pr\u00e9miov\u00e9 dvere Purian Design, ktor\u00fdch vizu\u00e1lne zasklen\u00e1 plocha plynule nadv\u00e4zuje na sklenen\u00fa stenu v jednej rovine. T\u00fa navy\u0161e o\u017eivuje kr\u00e1sne presklenie, ktor\u00e9 dod\u00e1va interi\u00e9ru osobit\u00fd charakter.<\/p>\n<h5><img loading=\"lazy\" decoding=\"async\" class=\"aligncenter wp-image-5062 size-large\" src=\"https:\/\/dexo.cz\/wp-content\/uploads\/2025\/09\/NOTINO-17-1024x768.webp\" alt=\"\" width=\"800\" height=\"600\" srcset=\"https:\/\/dexo.cz\/wp-content\/uploads\/2025\/09\/NOTINO-17-1024x768.webp 1024w, https:\/\/dexo.cz\/wp-content\/uploads\/2025\/09\/NOTINO-17-300x225.webp 300w, https:\/\/dexo.cz\/wp-content\/uploads\/2025\/09\/NOTINO-17-768x576.webp 768w, https:\/\/dexo.cz\/wp-content\/uploads\/2025\/09\/NOTINO-17-1536x1152.webp 1536w, https:\/\/dexo.cz\/wp-content\/uploads\/2025\/09\/NOTINO-17-16x12.webp 16w, https:\/\/dexo.cz\/wp-content\/uploads\/2025\/09\/NOTINO-17.webp 1920w\" sizes=\"(max-width: 800px) 100vw, 800px\" \/><br \/>\nT\u00edm Polepim, Blansko<\/h5>\n<p>V spolo\u010dnosti <a href=\"https:\/\/dexo.cz\/sk\/referencie\/tim-polepim\/\">Team Polepim<\/a> zaoblen\u00e9 prie\u010dky v kombin\u00e1cii s v\u00fdrazn\u00fdmi \u017elt\u00fdmi profilmi vo farbe spolo\u010dnosti up\u00fataj\u00fa pozornos\u0165. To dod\u00e1va priestoru energiu, identitu zna\u010dky a jedine\u010dn\u00fd vizu\u00e1lny \u0161t\u00fdl. Okrem toho stena sl\u00fa\u017ei aj ako praktick\u00fd priestor na testovanie ich n\u00e1terov.<\/p>\n<h5><img loading=\"lazy\" decoding=\"async\" class=\"aligncenter wp-image-6864 size-large\" src=\"https:\/\/dexo.cz\/wp-content\/uploads\/2026\/04\/11-polepime-web-1024x682.jpg\" alt=\"\" width=\"800\" height=\"533\" srcset=\"https:\/\/dexo.cz\/wp-content\/uploads\/2026\/04\/11-polepime-web-1024x682.jpg 1024w, https:\/\/dexo.cz\/wp-content\/uploads\/2026\/04\/11-polepime-web-300x200.jpg 300w, https:\/\/dexo.cz\/wp-content\/uploads\/2026\/04\/11-polepime-web-768x512.jpg 768w, https:\/\/dexo.cz\/wp-content\/uploads\/2026\/04\/11-polepime-web-1536x1024.jpg 1536w, https:\/\/dexo.cz\/wp-content\/uploads\/2026\/04\/11-polepime-web-18x12.jpg 18w, https:\/\/dexo.cz\/wp-content\/uploads\/2026\/04\/11-polepime-web.jpg 2000w\" sizes=\"(max-width: 800px) 100vw, 800px\" \/><br \/>\nJIC INMEC, Brno<\/h5>\n<p>V priestoroch <a href=\"https:\/\/dexo.cz\/sk\/referencie\/jic-inmec\/\">JIC<\/a> Zaoblen\u00e9 prie\u010dky pod\u010diarkuj\u00fa modern\u00fd a otvoren\u00fd charakter prostredia ur\u010den\u00e9ho pre inov\u00e1cie, startupy a spolupr\u00e1cu.<\/p>\n<h5><img loading=\"lazy\" decoding=\"async\" class=\"aligncenter wp-image-5443 size-large\" src=\"https:\/\/dexo.cz\/wp-content\/uploads\/2025\/10\/0015-interiery-JIC-top15-web-8828-1024x681.jpg\" alt=\"\" width=\"800\" height=\"532\" srcset=\"https:\/\/dexo.cz\/wp-content\/uploads\/2025\/10\/0015-interiery-JIC-top15-web-8828-1024x681.jpg 1024w, https:\/\/dexo.cz\/wp-content\/uploads\/2025\/10\/0015-interiery-JIC-top15-web-8828-300x200.jpg 300w, https:\/\/dexo.cz\/wp-content\/uploads\/2025\/10\/0015-interiery-JIC-top15-web-8828-768x511.jpg 768w, https:\/\/dexo.cz\/wp-content\/uploads\/2025\/10\/0015-interiery-JIC-top15-web-8828-1536x1022.jpg 1536w, https:\/\/dexo.cz\/wp-content\/uploads\/2025\/10\/0015-interiery-JIC-top15-web-8828-18x12.jpg 18w, https:\/\/dexo.cz\/wp-content\/uploads\/2025\/10\/0015-interiery-JIC-top15-web-8828.jpg 1920w\" sizes=\"(max-width: 800px) 100vw, 800px\" \/><br \/>\nITIXO, Ostrava<\/h5>\n<p>V spolo\u010dnosti <a href=\"https:\/\/dexo.cz\/sk\/referencie\/itixo\/\">ITIXO<\/a> s\u00fa zaoblen\u00e9 steny doplnen\u00e9 integrovan\u00fdmi tabletmi a praktick\u00fdmi a estetick\u00fdmi z\u00e1vesmi a z\u00e1clonami. \u0160t\u00fdl izieb pod\u010diarkuj\u00fa farebn\u00e9 koberce a dreven\u00e9 li\u0161ty. V\u00fdsledkom je harmonick\u00fd interi\u00e9r, ktor\u00fd sp\u00e1ja modern\u00fd dizajn s \u00fatulnos\u0165ou.<\/p>\n<h3><img loading=\"lazy\" decoding=\"async\" class=\"aligncenter wp-image-6810 size-large\" src=\"https:\/\/dexo.cz\/wp-content\/uploads\/2026\/04\/Itixo-02-web-DEXO-web-2-1024x682.jpg\" alt=\"\" width=\"800\" height=\"533\" srcset=\"https:\/\/dexo.cz\/wp-content\/uploads\/2026\/04\/Itixo-02-web-DEXO-web-2-1024x682.jpg 1024w, https:\/\/dexo.cz\/wp-content\/uploads\/2026\/04\/Itixo-02-web-DEXO-web-2-300x200.jpg 300w, https:\/\/dexo.cz\/wp-content\/uploads\/2026\/04\/Itixo-02-web-DEXO-web-2-768x512.jpg 768w, https:\/\/dexo.cz\/wp-content\/uploads\/2026\/04\/Itixo-02-web-DEXO-web-2-1536x1024.jpg 1536w, https:\/\/dexo.cz\/wp-content\/uploads\/2026\/04\/Itixo-02-web-DEXO-web-2-18x12.jpg 18w, https:\/\/dexo.cz\/wp-content\/uploads\/2026\/04\/Itixo-02-web-DEXO-web-2.jpg 2000w\" sizes=\"(max-width: 800px) 100vw, 800px\" \/><br \/>\nChcete kancel\u00e1riu, ktor\u00e1 v\u00e1s zaujme?<\/h3>\n<p>V spolo\u010dnosti DEXO navrhujeme a realizujeme interi\u00e9rov\u00e9 rie\u0161enia na mieru. Zaoblen\u00e9 steny patria medzi prvky, ktor\u00e9 maj\u00fa silu premeni\u0165 oby\u010dajn\u00fd priestor na nezabudnute\u013en\u00e9 miesto.<\/p>\n<p><a href=\"https:\/\/dexo.cz\/sk\/kontakt\/\">Kontaktujte n\u00e1s<\/a> a navrhn\u00fa\u0165 rie\u0161enie presne pre v\u00e1s.<\/p>","protected":false},"excerpt":{"rendered":"<p>Modern\u00ed kancel\u00e1\u0159e u\u017e d\u00e1vno nejsou jen o\u00a0stolech, \u017eidl\u00edch a\u00a0odd\u011blen\u00fdch m\u00edstnostech. Dne\u0161n\u00ed pracovn\u00ed prost\u0159ed\u00ed m\u00e1 inspirovat, podporovat spolupr\u00e1ci a\u00a0z\u00e1rove\u0148 vytv\u00e1\u0159et p\u0159\u00edjemnou atmosf\u00e9ru. Pr\u00e1v\u011b proto jsou prosklen\u00e9 st\u011bny st\u00e1le obl\u00edben\u011bj\u0161\u00edm \u0159e\u0161en\u00edm v\u00a0administrativn\u00edch i\u00a0komer\u010dn\u00edch interi\u00e9rech. Zaoblenou variantu p\u0159\u00ed\u010dek vn\u00edm\u00e1me v\u00a0DEXU jako skute\u010dn\u00fd designov\u00fd skvost, kter\u00fd dok\u00e1\u017ee prostor prom\u011bnit v\u00a0elegantn\u00ed, reprezentativn\u00ed a\u00a0z\u00e1rove\u0148 funk\u010dn\u00ed m\u00edsto. Pro\u010d zvolit zaoblen\u00e9 st\u011bny? Na [&hellip;]<\/p>","protected":false},"author":5,"featured_media":6889,"comment_status":"closed","ping_status":"closed","sticky":false,"template":"","format":"standard","meta":{"footnotes":""},"categories":[39],"tags":[],"class_list":["post-6874","post","type-post","status-publish","format-standard","has-post-thumbnail","hentry","category-prosklene-pricky"],"_links":{"self":[{"href":"https:\/\/dexo.cz\/sk\/wp-json\/wp\/v2\/posts\/6874","targetHints":{"allow":["GET"]}}],"collection":[{"href":"https:\/\/dexo.cz\/sk\/wp-json\/wp\/v2\/posts"}],"about":[{"href":"https:\/\/dexo.cz\/sk\/wp-json\/wp\/v2\/types\/post"}],"author":[{"embeddable":true,"href":"https:\/\/dexo.cz\/sk\/wp-json\/wp\/v2\/users\/5"}],"replies":[{"embeddable":true,"href":"https:\/\/dexo.cz\/sk\/wp-json\/wp\/v2\/comments?post=6874"}],"version-history":[{"count":11,"href":"https:\/\/dexo.cz\/sk\/wp-json\/wp\/v2\/posts\/6874\/revisions"}],"predecessor-version":[{"id":6898,"href":"https:\/\/dexo.cz\/sk\/wp-json\/wp\/v2\/posts\/6874\/revisions\/6898"}],"wp:featuredmedia":[{"embeddable":true,"href":"https:\/\/dexo.cz\/sk\/wp-json\/wp\/v2\/media\/6889"}],"wp:attachment":[{"href":"https:\/\/dexo.cz\/sk\/wp-json\/wp\/v2\/media?parent=6874"}],"wp:term":[{"taxonomy":"category","embeddable":true,"href":"https:\/\/dexo.cz\/sk\/wp-json\/wp\/v2\/categories?post=6874"},{"taxonomy":"post_tag","embeddable":true,"href":"https:\/\/dexo.cz\/sk\/wp-json\/wp\/v2\/tags?post=6874"}],"curies":[{"name":"wp","href":"https:\/\/api.w.org\/{rel}","templated":true}]}}